{"id":13838,"date":"2024-06-03T07:06:14","date_gmt":"2024-06-03T07:06:14","guid":{"rendered":"https:\/\/www.svial.ch\/nadine-trottmann-de-la-theorie-a-la-pratique-de-la-representation-dinterets\/"},"modified":"2025-02-11T08:50:53","modified_gmt":"2025-02-11T08:50:53","slug":"nadine-trottmann-de-la-theorie-a-la-pratique-de-la-representation-dinterets","status":"publish","type":"post","link":"https:\/\/www.svial.ch\/fr\/nadine-trottmann-de-la-theorie-a-la-pratique-de-la-representation-dinterets\/","title":{"rendered":"Nadine Trottmann &#8211; de la th\u00e9orie \u00e0 la pratique de la repr\u00e9sentation d&rsquo;int\u00e9r\u00eats"},"content":{"rendered":"\t\t<div data-elementor-type=\"wp-post\" data-elementor-id=\"13838\" class=\"elementor elementor-13838 elementor-13417\" data-elementor-post-type=\"post\">\n\t\t\t\t\t\t<section class=\"elementor-section elementor-top-section elementor-element elementor-element-6c3bf661 elementor-section-full_width elementor-section-height-default elementor-section-height-default rael-particle-no\" data-id=\"6c3bf661\" data-element_type=\"section\" data-e-type=\"section\" data-settings=\"{&quot;background_background&quot;:&quot;classic&quot;,&quot;rae_animations_entrance&quot;:&quot;none&quot;}\">\n\t\t\t\t\t\t<div class=\"elementor-container elementor-column-gap-default\">\n\t\t\t\t\t<div class=\"elementor-column elementor-col-100 elementor-top-column elementor-element elementor-element-35b3b79f rael-particle-no\" data-id=\"35b3b79f\" data-element_type=\"column\" data-e-type=\"column\">\n\t\t\t<div class=\"elementor-widget-wrap elementor-element-populated\">\n\t\t\t\t\t\t<div class=\"elementor-element elementor-element-726e23c elementor-widget elementor-widget-image\" data-id=\"726e23c\" data-element_type=\"widget\" data-e-type=\"widget\" data-widget_type=\"image.default\">\n\t\t\t\t<div class=\"elementor-widget-container\">\n\t\t\t\t\t\t\t\t\t\t\t\t\t\t\t<img fetchpriority=\"high\" decoding=\"async\" width=\"1000\" height=\"400\" src=\"https:\/\/www.svial.ch\/wp-content\/uploads\/2024\/06\/Bannerbild.jpg\" class=\"attachment-full size-full wp-image-13424\" alt=\"\" srcset=\"https:\/\/www.svial.ch\/wp-content\/uploads\/2024\/06\/Bannerbild.jpg 1000w, https:\/\/www.svial.ch\/wp-content\/uploads\/2024\/06\/Bannerbild-300x120.jpg 300w, https:\/\/www.svial.ch\/wp-content\/uploads\/2024\/06\/Bannerbild-768x307.jpg 768w\" sizes=\"(max-width: 1000px) 100vw, 1000px\" \/>\t\t\t\t\t\t\t\t\t\t\t\t\t\t\t<\/div>\n\t\t\t\t<\/div>\n\t\t\t\t\t<\/div>\n\t\t<\/div>\n\t\t\t\t\t<\/div>\n\t\t<\/section>\n\t\t\t\t<section class=\"elementor-section elementor-top-section elementor-element elementor-element-17af952a elementor-section-boxed elementor-section-height-default elementor-section-height-default rael-particle-no\" data-id=\"17af952a\" data-element_type=\"section\" data-e-type=\"section\" data-settings=\"{&quot;background_background&quot;:&quot;classic&quot;,&quot;rae_animations_entrance&quot;:&quot;none&quot;}\">\n\t\t\t\t\t\t<div class=\"elementor-container elementor-column-gap-default\">\n\t\t\t\t\t<div class=\"elementor-column elementor-col-100 elementor-top-column elementor-element elementor-element-6183ff83 rael-particle-no\" data-id=\"6183ff83\" data-element_type=\"column\" data-e-type=\"column\" data-settings=\"{&quot;background_background&quot;:&quot;classic&quot;}\">\n\t\t\t<div class=\"elementor-widget-wrap elementor-element-populated\">\n\t\t\t\t\t\t<div class=\"elementor-element elementor-element-2e8aca9d elementor-author-box--layout-image-above elementor-author-box--align-center elementor-widget elementor-widget-author-box\" data-id=\"2e8aca9d\" data-element_type=\"widget\" data-e-type=\"widget\" data-widget_type=\"author-box.default\">\n\t\t\t\t<div class=\"elementor-widget-container\">\n\t\t\t\t\t\t\t<div class=\"elementor-author-box\">\n\t\t\t\t\t\t\t<div  class=\"elementor-author-box__avatar\">\n\t\t\t\t\t<img decoding=\"async\" src=\"https:\/\/www.svial.ch\/wp-content\/uploads\/2024\/06\/Kachelbild-300x227.jpg\" alt=\"Auteur\/autrice de l\u2019image\" loading=\"lazy\">\n\t\t\t\t<\/div>\n\t\t\t\n\t\t\t<div class=\"elementor-author-box__text\">\n\t\t\t\t\n\t\t\t\t\n\t\t\t\t\t\t\t<\/div>\n\t\t<\/div>\n\t\t\t\t\t\t<\/div>\n\t\t\t\t<\/div>\n\t\t\t\t<div class=\"elementor-element elementor-element-6e30f0f8 elementor-widget elementor-widget-heading\" data-id=\"6e30f0f8\" data-element_type=\"widget\" data-e-type=\"widget\" data-widget_type=\"heading.default\">\n\t\t\t\t<div class=\"elementor-widget-container\">\n\t\t\t\t\t<h2 class=\"elementor-heading-title elementor-size-default\">Nadine Trottmann<\/h2>\t\t\t\t<\/div>\n\t\t\t\t<\/div>\n\t\t\t\t<div class=\"elementor-element elementor-element-23999b61 elementor-widget elementor-widget-heading\" data-id=\"23999b61\" data-element_type=\"widget\" data-e-type=\"widget\" data-widget_type=\"heading.default\">\n\t\t\t\t<div class=\"elementor-widget-container\">\n\t\t\t\t\t<h2 class=\"elementor-heading-title elementor-size-default\">De la th\u00e9orie \u00e0 la pratique de la d\u00e9fense des int\u00e9r\u00eats<\/h2>\t\t\t\t<\/div>\n\t\t\t\t<\/div>\n\t\t\t\t<div class=\"elementor-element elementor-element-3fbf6388 elementor-widget elementor-widget-text-editor\" data-id=\"3fbf6388\" data-element_type=\"widget\" data-e-type=\"widget\" data-widget_type=\"text-editor.default\">\n\t\t\t\t<div class=\"elementor-widget-container\">\n\t\t\t\t\t\t\t\t\t<p>Nadine Trottmann a commenc\u00e9 ses \u00e9tudes d&rsquo;agronomie \u00e0 l&rsquo;EPFZ \u00e0 l&rsquo;\u00e9t\u00e9 2017 sans grande connaissance pr\u00e9alable et sans avoir une r\u00e9elle id\u00e9e de ce que recouvre l&rsquo;agriculture et l&rsquo;agroalimentaire. Le fait que c&rsquo;\u00e9tait la bonne d\u00e9cision s&rsquo;est rapidement confirm\u00e9 et le choix des \u00e9tudes n&rsquo;a jamais \u00e9t\u00e9 remis en question, m\u00eame pendant l&rsquo;ann\u00e9e de base, plut\u00f4t s\u00e8che. C&rsquo;est surtout l&rsquo;\u00e9tendue th\u00e9matique et la diversit\u00e9 du domaine ainsi que la complexit\u00e9 des relations qui ont fait la fascination. Apr\u00e8s avoir obtenu sa licence, elle a imm\u00e9diatement entam\u00e9 un master avec une sp\u00e9cialisation en \u00e9conomie agricole. Le fonctionnement normal de l&rsquo;universit\u00e9 ayant \u00e9t\u00e9 interrompu par la pand\u00e9mie de Corona depuis le d\u00e9but du master, le stage de master a constitu\u00e9 un changement bienvenu. Cela l&rsquo;a conduite \u00e0 son employeur actuel, l&rsquo;Union suisse des paysans (USP). Une organisation que Nadine Trottmann ne connaissait jusqu&rsquo;alors que par les m\u00e9dias. De la th\u00e9orie donc \u00e0 la d\u00e9fense des int\u00e9r\u00eats de l&rsquo;agriculture pratiquante.<\/p>\n\t\t\t\t\t\t\t\t<\/div>\n\t\t\t\t<\/div>\n\t\t\t\t<div class=\"elementor-element elementor-element-329aaa69 elementor-widget elementor-widget-heading\" data-id=\"329aaa69\" data-element_type=\"widget\" data-e-type=\"widget\" data-widget_type=\"heading.default\">\n\t\t\t\t<div class=\"elementor-widget-container\">\n\t\t\t\t\t<h2 class=\"elementor-heading-title elementor-size-default\">Beaucoup de responsabilit\u00e9s d\u00e8s le d\u00e9but de la carri\u00e8re<\/h2>\t\t\t\t<\/div>\n\t\t\t\t<\/div>\n\t\t\t\t<div class=\"elementor-element elementor-element-6d827eeb elementor-widget elementor-widget-text-editor\" data-id=\"6d827eeb\" data-element_type=\"widget\" data-e-type=\"widget\" data-widget_type=\"text-editor.default\">\n\t\t\t\t<div class=\"elementor-widget-container\">\n\t\t\t\t\t\t\t\t\t<div class=\"artikel-text \">\n<p>Au sein de la division Affaires internationales, elle a pu approfondir les questions relatives \u00e0 la protection des fronti\u00e8res, \u00e0 l&rsquo;importance des accords de libre-\u00e9change pour l&rsquo;agriculture suisse et au th\u00e8me de la durabilit\u00e9 dans le commerce agricole international, tout en nouant d&rsquo;importants contacts dans le secteur. Apr\u00e8s l&rsquo;obtention de son dipl\u00f4me, la possibilit\u00e9 s&rsquo;est pr\u00e9sent\u00e9e d&rsquo;occuper un poste permanent \u00e0 l&rsquo;USP. Elle est devenue responsable technique pour les th\u00e8mes de la num\u00e9risation, des revenus agricoles et de la recherche agricole et a pris la t\u00eate de la Commission suisse des jeunes agriculteurs. Pour quelqu&rsquo;un qui a un bagage plus th\u00e9orique, c&rsquo;est une t\u00e2che tr\u00e8s passionnante et vari\u00e9e. D&rsquo;une part, la pens\u00e9e scientifique apprise pendant les \u00e9tudes est requise, mais en m\u00eame temps, elle est proche du pouls de la pratique gr\u00e2ce aux \u00e9changes avec les jeunes agriculteurs. Pour s&rsquo;adapter \u00e0 cet environnement, il faut du temps en d\u00e9but de carri\u00e8re et certains d\u00e9fis ont \u00e9t\u00e9 relev\u00e9s. Le th\u00e8me de la num\u00e9risation de l&rsquo;agriculture, par exemple, n&rsquo;a \u00e9t\u00e9 abord\u00e9 que superficiellement au cours de ses \u00e9tudes et elle s&rsquo;est soudain retrouv\u00e9e, en tant que responsable technique, charg\u00e9e d&rsquo;\u00e9mettre des recommandations sur l&rsquo;utilisation des donn\u00e9es, de r\u00e9diger des prises de position et de d\u00e9fendre la position de l&rsquo;association aupr\u00e8s de la presse. Mais c&rsquo;est justement ce d\u00e9fi qui fait le charme de leur travail quotidien. Apr\u00e8s tout, le sujet est d&rsquo;actualit\u00e9 et il n&rsquo;y a sans doute jamais eu de p\u00e9riode plus passionnante pour travailler dans ce domaine.<\/p>\n<p>Pendant son temps libre, Nadine aime faire du sport. Elle joue au handball en club depuis son enfance et a \u00e9t\u00e9 entra\u00eeneur de juniors pendant ses \u00e9tudes. En outre, elle aime skier en hiver et faire du v\u00e9lo en \u00e9t\u00e9. Depuis mi-2022, elle s&rsquo;engage dans la commission de l&rsquo;ASIAT, succ\u00e9dant \u00e0 Martin Brugger, et apporte de pr\u00e9cieuses id\u00e9es. De plus, on peut la rencontrer r\u00e9guli\u00e8rement lors d&rsquo;\u00e9v\u00e9nements o\u00f9 elle est une interlocutrice appr\u00e9ci\u00e9e des \u00e9tudiants gr\u00e2ce \u00e0 son entr\u00e9e r\u00e9ussie dans la vie professionnelle il n&rsquo;y a pas si longtemps.<\/p>\n<\/div>\n\t\t\t\t\t\t\t\t<\/div>\n\t\t\t\t<\/div>\n\t\t\t\t<div class=\"elementor-element elementor-element-30bfbef6 elementor-widget elementor-widget-heading\" data-id=\"30bfbef6\" data-element_type=\"widget\" data-e-type=\"widget\" data-widget_type=\"heading.default\">\n\t\t\t\t<div class=\"elementor-widget-container\">\n\t\t\t\t\t<h2 class=\"elementor-heading-title elementor-size-default\">O\u00f9 voyez-vous les plus grands d\u00e9fis du syst\u00e8me agricole et alimentaire suisse ?<\/h2>\t\t\t\t<\/div>\n\t\t\t\t<\/div>\n\t\t\t\t<div class=\"elementor-element elementor-element-7cae8f7 elementor-widget elementor-widget-text-editor\" data-id=\"7cae8f7\" data-element_type=\"widget\" data-e-type=\"widget\" data-widget_type=\"text-editor.default\">\n\t\t\t\t<div class=\"elementor-widget-container\">\n\t\t\t\t\t\t\t\t\t<p>Le passage demand\u00e9 d&rsquo;une politique agricole isol\u00e9e \u00e0 une politique alimentaire globale est un \u00e9norme d\u00e9fi. Il est d\u00e9sormais bien connu que nos objectifs ne peuvent pas \u00eatre atteints par des mesures unilat\u00e9rales au niveau de l&rsquo;agriculture. La transformation ne peut r\u00e9ussir que si tout le monde s&rsquo;y met. En th\u00e9orie, cela semble \u00e9vident, mais dans la pratique, on a encore peu d&rsquo;exp\u00e9riences concr\u00e8tes sur la mani\u00e8re de faire bouger les niveaux en aval. La question cruciale reste de savoir comment entra\u00eener le dernier maillon d\u00e9cisif de cette cha\u00eene : les consommateurs. M\u00eame la strat\u00e9gie \u00ab\u00a0farm to fork\u00a0\u00bb, tr\u00e8s pris\u00e9e dans l&rsquo;UE, est d\u00e9sormais en grande partie \u00ab\u00a0farm\u00a0\u00bb et tr\u00e8s peu \u00ab\u00a0fork\u00a0\u00bb. C&rsquo;est pourquoi je dirais que la coh\u00e9rence des aspirations politiques est le plus grand d\u00e9fi. La direction est bonne, mais nous n&rsquo;en sommes qu&rsquo;au d\u00e9but du processus.  <\/p>\n\t\t\t\t\t\t\t\t<\/div>\n\t\t\t\t<\/div>\n\t\t\t\t<div class=\"elementor-element elementor-element-81f04d1 elementor-widget elementor-widget-heading\" data-id=\"81f04d1\" data-element_type=\"widget\" data-e-type=\"widget\" data-widget_type=\"heading.default\">\n\t\t\t\t<div class=\"elementor-widget-container\">\n\t\t\t\t\t<h2 class=\"elementor-heading-title elementor-size-default\">Vous participez \u00e0 la commission de l'ASIAT. Qu'est-ce qui t'a incit\u00e9 \u00e0 t'engager dans ce r\u00e9seau ?<\/h2>\t\t\t\t<\/div>\n\t\t\t\t<\/div>\n\t\t\t\t<div class=\"elementor-element elementor-element-bce3ef2 elementor-widget elementor-widget-text-editor\" data-id=\"bce3ef2\" data-element_type=\"widget\" data-e-type=\"widget\" data-widget_type=\"text-editor.default\">\n\t\t\t\t<div class=\"elementor-widget-container\">\n\t\t\t\t\t\t\t\t\t<p>J&rsquo;aimais d\u00e9j\u00e0 assister aux \u00e9v\u00e9nements de l&rsquo;ASIAT lorsque j&rsquo;\u00e9tais \u00e9tudiant. Les conf\u00e9rences sur les m\u00e9tiers, en particulier, ont constitu\u00e9 une fen\u00eatre int\u00e9ressante sur le monde professionnel. Dans les \u00e9tudes \u00e0 l&rsquo;EPFZ, qui sont plut\u00f4t ax\u00e9es sur la th\u00e9orie, on a souvent peu de points de contact avec le monde ext\u00e9rieur \u00e0 l&rsquo;environnement acad\u00e9mique. Je trouvais d\u00e9j\u00e0 important de pouvoir quitter de temps en temps cette \u00ab\u00a0bulle\u00a0\u00bb estudiantine, et les contacts que l&rsquo;on peut nouer gr\u00e2ce \u00e0 de tels \u00e9v\u00e9nements facilitent \u00e9norm\u00e9ment l&rsquo;insertion professionnelle par la suite. Lorsque l&rsquo;on m&rsquo;a demand\u00e9, apr\u00e8s mon entr\u00e9e en fonction, de jouer le r\u00f4le de charni\u00e8re entre l&rsquo;USP et la repr\u00e9sentation des int\u00e9r\u00eats agricoles au sein de la Commission, je n&rsquo;ai pas eu \u00e0 r\u00e9fl\u00e9chir longtemps. Ce qui m&rsquo;a plu dans les \u00e9tudes d&rsquo;agronomie, c&rsquo;est qu&rsquo;il n&rsquo;y a pas l&rsquo;esprit de comp\u00e9tition et de \u00ab\u00a0coups de coude\u00a0\u00bb que l&rsquo;on trouve dans d&rsquo;autres cursus. C&rsquo;est une grande famille et tout le monde se soutient. Cet \u00e9tat d&rsquo;esprit bienveillant se ressent \u00e9galement au sein de l&rsquo;ASIAT, ce qui rend la collaboration si agr\u00e9able.<\/p>\n\t\t\t\t\t\t\t\t<\/div>\n\t\t\t\t<\/div>\n\t\t\t\t<div class=\"elementor-element elementor-element-1d68cfbb elementor-widget elementor-widget-heading\" data-id=\"1d68cfbb\" data-element_type=\"widget\" data-e-type=\"widget\" data-widget_type=\"heading.default\">\n\t\t\t\t<div class=\"elementor-widget-container\">\n\t\t\t\t\t<h2 class=\"elementor-heading-title elementor-size-default\">Quelle peut \u00eatre la contribution de l'ASIAT au d\u00e9veloppement du secteur agroalimentaire ?<\/h2>\t\t\t\t<\/div>\n\t\t\t\t<\/div>\n\t\t\t\t<div class=\"elementor-element elementor-element-306abed8 elementor-widget elementor-widget-text-editor\" data-id=\"306abed8\" data-element_type=\"widget\" data-e-type=\"widget\" data-widget_type=\"text-editor.default\">\n\t\t\t\t<div class=\"elementor-widget-container\">\n\t\t\t\t\t\t\t\t\t<p>On ne saurait trop insister sur l&rsquo;importance du dialogue et de l&rsquo;\u00e9change face aux grands d\u00e9fis et aux fronts de plus en plus durs. Dans ce contexte de tensions, l&rsquo;ASIAT peut, en tant que plate-forme neutre, jeter les ponts n\u00e9cessaires et rassembler diff\u00e9rents cercles. Le large \u00e9ventail d&rsquo;activit\u00e9s offre aux membres la possibilit\u00e9 de s&rsquo;immerger dans d&rsquo;autres domaines et de voir plus loin que le bout de leur nez. C&rsquo;est non seulement passionnant, mais cela favorise \u00e9galement une compr\u00e9hension commune. Que ce soit entre les professionnels de l&rsquo;agriculture et de l&rsquo;alimentation, les universit\u00e9s et les \u00e9coles sup\u00e9rieures ou la pratique et la science. L&rsquo;ASIAT joue \u00e9galement un r\u00f4le tr\u00e8s important en tant que lien entre les \u00e9tudiants et les professionnels. Il n&rsquo;existe gu\u00e8re d&rsquo;autre organisation capable de maintenir le contact des deux c\u00f4t\u00e9s et d&rsquo;\u00e9tablir cet \u00e9change. En fin de compte, une bonne int\u00e9gration des jeunes professionnels profite aux deux parties. Dans le secteur agricole, les professionnels sont actuellement tr\u00e8s recherch\u00e9s et le resteront \u00e0 l&rsquo;avenir. Apr\u00e8s les \u00e9tudes, on est au top de la formation professionnelle. Mais cela ne suffit souvent pas. Pour aller plus loin, il faut avoir une certaine compr\u00e9hension du secteur afin de trouver les bons interlocuteurs au bon moment pour sa demande. Construire un r\u00e9seau prend du temps et l&rsquo;ASIAT vous offre de pr\u00e9cieux contacts quasiment sur un plateau d&rsquo;argent.<\/p>\n\t\t\t\t\t\t\t\t<\/div>\n\t\t\t\t<\/div>\n\t\t\t\t<div class=\"elementor-element elementor-element-252eebde elementor-widget elementor-widget-heading\" data-id=\"252eebde\" data-element_type=\"widget\" data-e-type=\"widget\" data-widget_type=\"heading.default\">\n\t\t\t\t<div class=\"elementor-widget-container\">\n\t\t\t\t\t<h2 class=\"elementor-heading-title elementor-size-default\">Que souhaites-tu que le ASIAT fasse ?<\/h2>\t\t\t\t<\/div>\n\t\t\t\t<\/div>\n\t\t\t\t<div class=\"elementor-element elementor-element-652fede1 elementor-widget elementor-widget-text-editor\" data-id=\"652fede1\" data-element_type=\"widget\" data-e-type=\"widget\" data-widget_type=\"text-editor.default\">\n\t\t\t\t<div class=\"elementor-widget-container\">\n\t\t\t\t\t\t\t\t\t<p>Pour l&rsquo;avenir, je souhaiterais que l&rsquo;ASIAT soit encore plus pr\u00e9sente dans le secteur et qu&rsquo;elle soit per\u00e7ue comme un partenaire de poids. Il n&rsquo;existe gu\u00e8re d&rsquo;autre organisation comparable capable d&rsquo;offrir un r\u00e9seau aussi large. Depuis que j&rsquo;ai eu l&rsquo;occasion de participer \u00e0 la commission, je me suis rendu compte \u00e0 quel point on s&rsquo;efforce ici de proposer des offres int\u00e9ressantes \u00e0 tous les membres. Malheureusement, dans le flot des autres \u00e9v\u00e9nements et offres, cela se perd parfois un peu. En outre, il est crucial pour toute association professionnelle d&rsquo;entretenir des contacts \u00e9troits avec les universit\u00e9s et les \u00e9tudiants. Le bureau actuel fait un excellent travail dans ce domaine et je suis s\u00fbr que ces efforts porteront leurs fruits \u00e0 l&rsquo;avenir.<\/p>\n\t\t\t\t\t\t\t\t<\/div>\n\t\t\t\t<\/div>\n\t\t\t\t<div class=\"elementor-element elementor-element-c16448e elementor-align-center animated-slow elementor-widget elementor-widget-button\" data-id=\"c16448e\" data-element_type=\"widget\" data-e-type=\"widget\" data-settings=\"{&quot;_animation&quot;:&quot;none&quot;,&quot;_animation_delay&quot;:200}\" data-widget_type=\"button.default\">\n\t\t\t\t<div class=\"elementor-widget-container\">\n\t\t\t\t\t\t\t\t\t<div class=\"elementor-button-wrapper\">\n\t\t\t\t\t<a class=\"elementor-button elementor-button-link elementor-size-sm\" href=\"https:\/\/svial.ch\/unser-netzwerk\/#portraets\">\n\t\t\t\t\t\t<span class=\"elementor-button-content-wrapper\">\n\t\t\t\t\t\t<span class=\"elementor-button-icon\">\n\t\t\t\t\t\t\t<\/span>\n\t\t\t\t\t\t\t\t\t<span class=\"elementor-button-text\">Notre r\u00e9seau - Portraits<\/span>\n\t\t\t\t\t<\/span>\n\t\t\t\t\t<\/a>\n\t\t\t\t<\/div>\n\t\t\t\t\t\t\t\t<\/div>\n\t\t\t\t<\/div>\n\t\t\t\t\t<\/div>\n\t\t<\/div>\n\t\t\t\t\t<\/div>\n\t\t<\/section>\n\t\t\t\t<\/div>\n\t\t","protected":false},"excerpt":{"rendered":"<p>Ayant grandi en Suisse orientale, Nadine Trottmann n&rsquo;a gu\u00e8re eu de contact avec l&rsquo;agriculture jusqu&rsquo;\u00e0 ses \u00e9tudes. N\u00e9anmoins, apr\u00e8s avoir obtenu son baccalaur\u00e9at, elle a d\u00e9cid\u00e9 d&rsquo;\u00e9tudier l&rsquo;agronomie \u00e0 l&rsquo;EPF de Zurich. Il y a deux ans, elle a pris son premier poste \u00e0 l&rsquo;Union suisse des paysans et s&rsquo;est engag\u00e9e dans la commission de l&rsquo;ASIAT.<\/p>\n","protected":false},"author":1,"featured_media":13420,"comment_status":"closed","ping_status":"open","sticky":false,"template":"elementor_header_footer","format":"gallery","meta":{"ocean_post_layout":"full-screen","ocean_both_sidebars_style":"","ocean_both_sidebars_content_width":0,"ocean_both_sidebars_sidebars_width":0,"ocean_sidebar":"","ocean_second_sidebar":"","ocean_disable_margins":"enable","ocean_add_body_class":"","ocean_shortcode_before_top_bar":"","ocean_shortcode_after_top_bar":"","ocean_shortcode_before_header":"","ocean_shortcode_after_header":"","ocean_has_shortcode":"","ocean_shortcode_after_title":"","ocean_shortcode_before_footer_widgets":"","ocean_shortcode_after_footer_widgets":"","ocean_shortcode_before_footer_bottom":"","ocean_shortcode_after_footer_bottom":"","ocean_display_top_bar":"off","ocean_display_header":"default","ocean_header_style":"","ocean_center_header_left_menu":"","ocean_custom_header_template":"","ocean_custom_logo":0,"ocean_custom_retina_logo":0,"ocean_custom_logo_max_width":0,"ocean_custom_logo_tablet_max_width":0,"ocean_custom_logo_mobile_max_width":0,"ocean_custom_logo_max_height":0,"ocean_custom_logo_tablet_max_height":0,"ocean_custom_logo_mobile_max_height":0,"ocean_header_custom_menu":"","ocean_menu_typo_font_family":"","ocean_menu_typo_font_subset":"","ocean_menu_typo_font_size":0,"ocean_menu_typo_font_size_tablet":0,"ocean_menu_typo_font_size_mobile":0,"ocean_menu_typo_font_size_unit":"px","ocean_menu_typo_font_weight":"","ocean_menu_typo_font_weight_tablet":"","ocean_menu_typo_font_weight_mobile":"","ocean_menu_typo_transform":"","ocean_menu_typo_transform_tablet":"","ocean_menu_typo_transform_mobile":"","ocean_menu_typo_line_height":0,"ocean_menu_typo_line_height_tablet":0,"ocean_menu_typo_line_height_mobile":0,"ocean_menu_typo_line_height_unit":"","ocean_menu_typo_spacing":0,"ocean_menu_typo_spacing_tablet":0,"ocean_menu_typo_spacing_mobile":0,"ocean_menu_typo_spacing_unit":"","ocean_menu_link_color":"","ocean_menu_link_color_hover":"","ocean_menu_link_color_active":"","ocean_menu_link_background":"","ocean_menu_link_hover_background":"","ocean_menu_link_active_background":"","ocean_menu_social_links_bg":"","ocean_menu_social_hover_links_bg":"","ocean_menu_social_links_color":"","ocean_menu_social_hover_links_color":"","ocean_disable_title":"on","ocean_disable_heading":"default","ocean_post_title":"","ocean_post_subheading":"","ocean_post_title_style":"","ocean_post_title_background_color":"","ocean_post_title_background":0,"ocean_post_title_bg_image_position":"","ocean_post_title_bg_image_attachment":"","ocean_post_title_bg_image_repeat":"","ocean_post_title_bg_image_size":"","ocean_post_title_height":0,"ocean_post_title_bg_overlay":0.5,"ocean_post_title_bg_overlay_color":"","ocean_disable_breadcrumbs":"default","ocean_breadcrumbs_color":"","ocean_breadcrumbs_separator_color":"","ocean_breadcrumbs_links_color":"","ocean_breadcrumbs_links_hover_color":"","ocean_display_footer_widgets":"off","ocean_display_footer_bottom":"off","ocean_custom_footer_template":"","iawp_total_views":23,"ocean_post_oembed":"","ocean_post_self_hosted_media":"","ocean_post_video_embed":"","ocean_link_format":"","ocean_link_format_target":"self","ocean_quote_format":"","ocean_quote_format_link":"post","ocean_gallery_link_images":"on","ocean_gallery_id":[],"footnotes":""},"categories":[37],"tags":[],"class_list":["post-13838","post","type-post","status-publish","format-gallery","has-post-thumbnail","hentry","category-portraits","post_format-post-format-gallery","entry","has-media"],"_links":{"self":[{"href":"https:\/\/www.svial.ch\/fr\/wp-json\/wp\/v2\/posts\/13838","targetHints":{"allow":["GET"]}}],"collection":[{"href":"https:\/\/www.svial.ch\/fr\/wp-json\/wp\/v2\/posts"}],"about":[{"href":"https:\/\/www.svial.ch\/fr\/wp-json\/wp\/v2\/types\/post"}],"author":[{"embeddable":true,"href":"https:\/\/www.svial.ch\/fr\/wp-json\/wp\/v2\/users\/1"}],"replies":[{"embeddable":true,"href":"https:\/\/www.svial.ch\/fr\/wp-json\/wp\/v2\/comments?post=13838"}],"version-history":[{"count":2,"href":"https:\/\/www.svial.ch\/fr\/wp-json\/wp\/v2\/posts\/13838\/revisions"}],"predecessor-version":[{"id":15786,"href":"https:\/\/www.svial.ch\/fr\/wp-json\/wp\/v2\/posts\/13838\/revisions\/15786"}],"wp:featuredmedia":[{"embeddable":true,"href":"https:\/\/www.svial.ch\/fr\/wp-json\/wp\/v2\/media\/13420"}],"wp:attachment":[{"href":"https:\/\/www.svial.ch\/fr\/wp-json\/wp\/v2\/media?parent=13838"}],"wp:term":[{"taxonomy":"category","embeddable":true,"href":"https:\/\/www.svial.ch\/fr\/wp-json\/wp\/v2\/categories?post=13838"},{"taxonomy":"post_tag","embeddable":true,"href":"https:\/\/www.svial.ch\/fr\/wp-json\/wp\/v2\/tags?post=13838"}],"curies":[{"name":"wp","href":"https:\/\/api.w.org\/{rel}","templated":true}]}}