{"id":13840,"date":"2024-05-02T11:51:00","date_gmt":"2024-05-02T11:51:00","guid":{"rendered":"https:\/\/www.svial.ch\/lenergie-solaire-doublement-utilisee\/"},"modified":"2025-02-11T08:51:18","modified_gmt":"2025-02-11T08:51:18","slug":"lenergie-solaire-doublement-utilisee","status":"publish","type":"post","link":"https:\/\/www.svial.ch\/fr\/lenergie-solaire-doublement-utilisee\/","title":{"rendered":"L&rsquo;\u00e9nergie solaire doublement utilis\u00e9e"},"content":{"rendered":"\t\t<div data-elementor-type=\"wp-post\" data-elementor-id=\"13840\" class=\"elementor elementor-13840 elementor-13305\" data-elementor-post-type=\"post\">\n\t\t\t\t\t\t<section class=\"elementor-section elementor-top-section elementor-element elementor-element-6c3bf661 elementor-section-full_width elementor-section-height-default elementor-section-height-default rael-particle-no\" data-id=\"6c3bf661\" data-element_type=\"section\" data-e-type=\"section\" data-settings=\"{&quot;background_background&quot;:&quot;classic&quot;,&quot;rae_animations_entrance&quot;:&quot;none&quot;}\">\n\t\t\t\t\t\t<div class=\"elementor-container elementor-column-gap-default\">\n\t\t\t\t\t<div class=\"elementor-column elementor-col-100 elementor-top-column elementor-element elementor-element-35b3b79f rael-particle-no\" data-id=\"35b3b79f\" data-element_type=\"column\" data-e-type=\"column\">\n\t\t\t<div class=\"elementor-widget-wrap elementor-element-populated\">\n\t\t\t\t\t\t<div class=\"elementor-element elementor-element-726e23c elementor-widget elementor-widget-image\" data-id=\"726e23c\" data-element_type=\"widget\" data-e-type=\"widget\" data-widget_type=\"image.default\">\n\t\t\t\t<div class=\"elementor-widget-container\">\n\t\t\t\t\t\t\t\t\t\t\t\t\t\t\t<img fetchpriority=\"high\" decoding=\"async\" width=\"1000\" height=\"400\" src=\"https:\/\/www.svial.ch\/wp-content\/uploads\/2024\/05\/Bannerbild.jpg\" class=\"attachment-full size-full wp-image-13312\" alt=\"\" srcset=\"https:\/\/www.svial.ch\/wp-content\/uploads\/2024\/05\/Bannerbild.jpg 1000w, https:\/\/www.svial.ch\/wp-content\/uploads\/2024\/05\/Bannerbild-300x120.jpg 300w, https:\/\/www.svial.ch\/wp-content\/uploads\/2024\/05\/Bannerbild-768x307.jpg 768w\" sizes=\"(max-width: 1000px) 100vw, 1000px\" \/>\t\t\t\t\t\t\t\t\t\t\t\t\t\t\t<\/div>\n\t\t\t\t<\/div>\n\t\t\t\t\t<\/div>\n\t\t<\/div>\n\t\t\t\t\t<\/div>\n\t\t<\/section>\n\t\t\t\t<section class=\"elementor-section elementor-top-section elementor-element elementor-element-17af952a elementor-section-boxed elementor-section-height-default elementor-section-height-default rael-particle-no\" data-id=\"17af952a\" data-element_type=\"section\" data-e-type=\"section\" data-settings=\"{&quot;background_background&quot;:&quot;classic&quot;,&quot;rae_animations_entrance&quot;:&quot;none&quot;}\">\n\t\t\t\t\t\t<div class=\"elementor-container elementor-column-gap-default\">\n\t\t\t\t\t<div class=\"elementor-column elementor-col-100 elementor-top-column elementor-element elementor-element-6183ff83 rael-particle-no\" data-id=\"6183ff83\" data-element_type=\"column\" data-e-type=\"column\" data-settings=\"{&quot;background_background&quot;:&quot;classic&quot;}\">\n\t\t\t<div class=\"elementor-widget-wrap elementor-element-populated\">\n\t\t\t\t\t\t<div class=\"elementor-element elementor-element-bba3e48 elementor-widget elementor-widget-heading\" data-id=\"bba3e48\" data-element_type=\"widget\" data-e-type=\"widget\" data-widget_type=\"heading.default\">\n\t\t\t\t<div class=\"elementor-widget-container\">\n\t\t\t\t\t<h2 class=\"elementor-heading-title elementor-size-default\">L'\u00e9nergie solaire doublement utilis\u00e9e<\/h2>\t\t\t\t<\/div>\n\t\t\t\t<\/div>\n\t\t\t\t<div class=\"elementor-element elementor-element-62025cb elementor-widget elementor-widget-text-editor\" data-id=\"62025cb\" data-element_type=\"widget\" data-e-type=\"widget\" data-widget_type=\"text-editor.default\">\n\t\t\t\t<div class=\"elementor-widget-container\">\n\t\t\t\t\t\t\t\t\t<p><span style=\"font-family: Beatrice;\">L&rsquo;approvisionnement en \u00e9nergie est en train de changer. Les objectifs sont ambitieux. La strat\u00e9gie \u00e9nerg\u00e9tique 2050 fixe le cadre g\u00e9n\u00e9ral et diff\u00e9rentes mesures sont pr\u00e9vues. Les \u00e9nergies renouvelables doivent \u00eatre d\u00e9velopp\u00e9es, la d\u00e9pendance vis-\u00e0-vis des \u00e9nergies fossiles \u00e9trang\u00e8res doit \u00eatre r\u00e9duite, la consommation d&rsquo;\u00e9nergie doit \u00eatre diminu\u00e9e de mani\u00e8re g\u00e9n\u00e9rale et l&rsquo;efficacit\u00e9 \u00e9nerg\u00e9tique doit \u00eatre augment\u00e9e. Comment l&rsquo;agriculture peut-elle contribuer \u00e0 la transition \u00e9nerg\u00e9tique ? Avec les solutions dites agri-PV, les surfaces servent \u00e0 la fois \u00e0 la production de plantes agricoles et \u00e0 la production d&rsquo;\u00e9lectricit\u00e9.<\/span> <span style=\"font-family: Beatrice;\">Cela n\u00e9cessite un grand savoir-faire technique et agronomique. Les installations sont con\u00e7ues pour laisser passer la lumi\u00e8re afin de permettre aux plantes situ\u00e9es en dessous de se d\u00e9velopper et de m\u00fbrir.  <\/span><\/p>\n<p><span style=\"font-family: Beatrice;\">Le 5 juin 2024, nous visiterons Beerenland AG avec l&rsquo;Alumni BFH-HAFL. Barbara Schwab Z\u00fcger, membre de l&rsquo;ASIAT et directrice, nous montre sa zone d&rsquo;essai Agri-PV. Tobias Beeler, agronome et chef de projet chez Insolight, nous donne un aper\u00e7u de l&rsquo;entreprise et des d\u00e9tails techniques de l&rsquo;agri-photovolta\u00efque.<\/span><span style=\"font-family: 'Cambria',serif;\">. <\/span><span style=\"font-family: Beatrice;\">Nous nous r\u00e9jouissons d&rsquo;\u00e9changer avec les participants.<\/span><\/p>\n<p>Vers <span style=\"text-decoration: underline;\"><br \/>\n  <a href=\"https:\/\/eventfrog.ch\/agri_pv\" target=\"_blank\" rel=\"noopener\">Inscription<\/a><br \/>\n<\/span>!<\/p>\n<p>Autres liens vers des informations passionnantes sur l&rsquo;agri-PV :<\/p>\n<p>&#8211; Agroscope : <span style=\"text-decoration: underline;\"><br \/>\n  <a href=\"https:\/\/www.agroscope.admin.ch\/agroscope\/de\/home\/aktuell\/dossiers\/agri-pv.html\" target=\"_blank\" rel=\"noopener\">Agri-photovolta\u00efque : double utilisation des terres agricoles<\/a><br \/>\n<\/span><\/p>\n<p>&#8211; Agroscope : Agri-PV et arboriculture fruiti\u00e8re : <span style=\"text-decoration: underline;\"><br \/>\n  <a href=\"https:\/\/www.agroscope.admin.ch\/agroscope\/de\/home\/aktuell\/newsroom\/2022\/11-17_kob-agri-pv.html\" target=\"_blank\" rel=\"noopener\">Essais pilotes en Europe et en Suisse<\/a><br \/>\n<\/span><\/p>\n<p>&#8211; <span style=\"text-decoration: underline;\"><br \/>\n  <a href=\"https:\/\/beerenland.ch\/nachhaltigkeit\/#solberry.ch\" target=\"_blank\" rel=\"noopener\">Beerenland AG<\/a><br \/>\n<\/span> et <span style=\"text-decoration: underline;\"><br \/>\n  <a href=\"https:\/\/www.solberry.ch\/\" target=\"_blank\" rel=\"noopener\">Solberry<\/a><br \/>\n<\/span><\/p>\n<p>&#8211; LA HESB-HAFL : <span style=\"text-decoration: underline;\"><br \/>\n  <a href=\"https:\/\/www.bfh.ch\/de\/forschung\/alle-dienstleistungen\/agrisolarforum\/\" target=\"_blank\" rel=\"noopener\">Forum AgriSolar<\/a><br \/>\n<\/span><\/p>\n<p>&#8211; <span style=\"text-decoration: underline;\"><br \/>\n  <a href=\"https:\/\/insolight.ch\/de\/\" target=\"_blank\" rel=\"noopener\">Insolight<\/a><br \/>\n<\/span><\/p>\n<p>&#8211; ZHAW : <span style=\"text-decoration: underline;\"><br \/>\n  <a href=\"https:\/\/www.zhaw.ch\/de\/lsfm\/institute-zentren\/iunr\/oekotechnologien-energiesysteme\/erneuerbare-energien\/solarenergie\/agro-photovoltaik\/\" target=\"_blank\" rel=\"noopener\">Agro-photovolta\u00efque : production d&rsquo;\u00e9nergie dans les champs<\/a><br \/>\n<\/span><\/p>\n\t\t\t\t\t\t\t\t<\/div>\n\t\t\t\t<\/div>\n\t\t\t\t<div class=\"elementor-element elementor-element-19f6ce2 elementor-widget elementor-widget-image\" data-id=\"19f6ce2\" data-element_type=\"widget\" data-e-type=\"widget\" data-widget_type=\"image.default\">\n\t\t\t\t<div class=\"elementor-widget-container\">\n\t\t\t\t\t\t\t\t\t\t\t\t\t\t\t<img decoding=\"async\" width=\"1024\" height=\"680\" src=\"https:\/\/www.svial.ch\/wp-content\/uploads\/2024\/05\/insolagrin_installation_drone_2.jpg\" class=\"attachment-large size-large wp-image-13318\" alt=\"\" srcset=\"https:\/\/www.svial.ch\/wp-content\/uploads\/2024\/05\/insolagrin_installation_drone_2.jpg 1024w, https:\/\/www.svial.ch\/wp-content\/uploads\/2024\/05\/insolagrin_installation_drone_2-300x199.jpg 300w, https:\/\/www.svial.ch\/wp-content\/uploads\/2024\/05\/insolagrin_installation_drone_2-768x510.jpg 768w\" sizes=\"(max-width: 1024px) 100vw, 1024px\" \/>\t\t\t\t\t\t\t\t\t\t\t\t\t\t\t<\/div>\n\t\t\t\t<\/div>\n\t\t\t\t<div class=\"elementor-element elementor-element-56df97e elementor-widget elementor-widget-text-editor\" data-id=\"56df97e\" data-element_type=\"widget\" data-e-type=\"widget\" data-widget_type=\"text-editor.default\">\n\t\t\t\t<div class=\"elementor-widget-container\">\n\t\t\t\t\t\t\t\t\t<p><em><span style=\"font-family: Beatrice;\">Source de toutes les images : Insolight<\/span><\/em><\/p>\n\t\t\t\t\t\t\t\t<\/div>\n\t\t\t\t<\/div>\n\t\t\t\t<div class=\"elementor-element elementor-element-c16448e elementor-align-center animated-slow elementor-widget elementor-widget-button\" data-id=\"c16448e\" data-element_type=\"widget\" data-e-type=\"widget\" data-settings=\"{&quot;_animation&quot;:&quot;none&quot;,&quot;_animation_delay&quot;:200}\" data-widget_type=\"button.default\">\n\t\t\t\t<div class=\"elementor-widget-container\">\n\t\t\t\t\t\t\t\t\t<div class=\"elementor-button-wrapper\">\n\t\t\t\t\t<a class=\"elementor-button elementor-button-link elementor-size-sm\" href=\"https:\/\/www.svial.ch\/fr\/actualites\/\">\n\t\t\t\t\t\t<span class=\"elementor-button-content-wrapper\">\n\t\t\t\t\t\t<span class=\"elementor-button-icon\">\n\t\t\t\t\t\t\t<\/span>\n\t\t\t\t\t\t\t\t\t<span class=\"elementor-button-text\">Nouvelles de l'ASIAT<\/span>\n\t\t\t\t\t<\/span>\n\t\t\t\t\t<\/a>\n\t\t\t\t<\/div>\n\t\t\t\t\t\t\t\t<\/div>\n\t\t\t\t<\/div>\n\t\t\t\t\t<\/div>\n\t\t<\/div>\n\t\t\t\t\t<\/div>\n\t\t<\/section>\n\t\t\t\t<\/div>\n\t\t","protected":false},"excerpt":{"rendered":"<p>La durabilit\u00e9 de l&rsquo;approvisionnement \u00e9nerg\u00e9tique et de l&rsquo;agriculture : l&rsquo;agri-photovolta\u00efque (Agri-PV) le rend possible. D\u00e9couvrez-en plus sur l&rsquo;Agri-PV et venez \u00e0 notre \u00e9v\u00e9nement du 5 juin \u00e0 Beerenland AG chez Barbara Schwab Z\u00fcger, membre de l&rsquo;ASIAT.  <\/p>\n","protected":false},"author":1,"featured_media":13307,"comment_status":"closed","ping_status":"open","sticky":false,"template":"elementor_header_footer","format":"gallery","meta":{"ocean_post_layout":"full-screen","ocean_both_sidebars_style":"","ocean_both_sidebars_content_width":0,"ocean_both_sidebars_sidebars_width":0,"ocean_sidebar":"","ocean_second_sidebar":"","ocean_disable_margins":"enable","ocean_add_body_class":"","ocean_shortcode_before_top_bar":"","ocean_shortcode_after_top_bar":"","ocean_shortcode_before_header":"","ocean_shortcode_after_header":"","ocean_has_shortcode":"","ocean_shortcode_after_title":"","ocean_shortcode_before_footer_widgets":"","ocean_shortcode_after_footer_widgets":"","ocean_shortcode_before_footer_bottom":"","ocean_shortcode_after_footer_bottom":"","ocean_display_top_bar":"off","ocean_display_header":"default","ocean_header_style":"","ocean_center_header_left_menu":"","ocean_custom_header_template":"","ocean_custom_logo":0,"ocean_custom_retina_logo":0,"ocean_custom_logo_max_width":0,"ocean_custom_logo_tablet_max_width":0,"ocean_custom_logo_mobile_max_width":0,"ocean_custom_logo_max_height":0,"ocean_custom_logo_tablet_max_height":0,"ocean_custom_logo_mobile_max_height":0,"ocean_header_custom_menu":"","ocean_menu_typo_font_family":"","ocean_menu_typo_font_subset":"","ocean_menu_typo_font_size":0,"ocean_menu_typo_font_size_tablet":0,"ocean_menu_typo_font_size_mobile":0,"ocean_menu_typo_font_size_unit":"px","ocean_menu_typo_font_weight":"","ocean_menu_typo_font_weight_tablet":"","ocean_menu_typo_font_weight_mobile":"","ocean_menu_typo_transform":"","ocean_menu_typo_transform_tablet":"","ocean_menu_typo_transform_mobile":"","ocean_menu_typo_line_height":0,"ocean_menu_typo_line_height_tablet":0,"ocean_menu_typo_line_height_mobile":0,"ocean_menu_typo_line_height_unit":"","ocean_menu_typo_spacing":0,"ocean_menu_typo_spacing_tablet":0,"ocean_menu_typo_spacing_mobile":0,"ocean_menu_typo_spacing_unit":"","ocean_menu_link_color":"","ocean_menu_link_color_hover":"","ocean_menu_link_color_active":"","ocean_menu_link_background":"","ocean_menu_link_hover_background":"","ocean_menu_link_active_background":"","ocean_menu_social_links_bg":"","ocean_menu_social_hover_links_bg":"","ocean_menu_social_links_color":"","ocean_menu_social_hover_links_color":"","ocean_disable_title":"on","ocean_disable_heading":"default","ocean_post_title":"","ocean_post_subheading":"","ocean_post_title_style":"","ocean_post_title_background_color":"","ocean_post_title_background":0,"ocean_post_title_bg_image_position":"","ocean_post_title_bg_image_attachment":"","ocean_post_title_bg_image_repeat":"","ocean_post_title_bg_image_size":"","ocean_post_title_height":0,"ocean_post_title_bg_overlay":0.5,"ocean_post_title_bg_overlay_color":"","ocean_disable_breadcrumbs":"default","ocean_breadcrumbs_color":"","ocean_breadcrumbs_separator_color":"","ocean_breadcrumbs_links_color":"","ocean_breadcrumbs_links_hover_color":"","ocean_display_footer_widgets":"off","ocean_display_footer_bottom":"off","ocean_custom_footer_template":"","iawp_total_views":1,"ocean_post_oembed":"","ocean_post_self_hosted_media":"","ocean_post_video_embed":"","ocean_link_format":"","ocean_link_format_target":"self","ocean_quote_format":"","ocean_quote_format_link":"post","ocean_gallery_link_images":"on","ocean_gallery_id":[],"footnotes":""},"categories":[34],"tags":[],"class_list":["post-13840","post","type-post","status-publish","format-gallery","has-post-thumbnail","hentry","category-nouvelles-de-lasial","post_format-post-format-gallery","entry","has-media"],"_links":{"self":[{"href":"https:\/\/www.svial.ch\/fr\/wp-json\/wp\/v2\/posts\/13840","targetHints":{"allow":["GET"]}}],"collection":[{"href":"https:\/\/www.svial.ch\/fr\/wp-json\/wp\/v2\/posts"}],"about":[{"href":"https:\/\/www.svial.ch\/fr\/wp-json\/wp\/v2\/types\/post"}],"author":[{"embeddable":true,"href":"https:\/\/www.svial.ch\/fr\/wp-json\/wp\/v2\/users\/1"}],"replies":[{"embeddable":true,"href":"https:\/\/www.svial.ch\/fr\/wp-json\/wp\/v2\/comments?post=13840"}],"version-history":[{"count":2,"href":"https:\/\/www.svial.ch\/fr\/wp-json\/wp\/v2\/posts\/13840\/revisions"}],"predecessor-version":[{"id":15787,"href":"https:\/\/www.svial.ch\/fr\/wp-json\/wp\/v2\/posts\/13840\/revisions\/15787"}],"wp:featuredmedia":[{"embeddable":true,"href":"https:\/\/www.svial.ch\/fr\/wp-json\/wp\/v2\/media\/13307"}],"wp:attachment":[{"href":"https:\/\/www.svial.ch\/fr\/wp-json\/wp\/v2\/media?parent=13840"}],"wp:term":[{"taxonomy":"category","embeddable":true,"href":"https:\/\/www.svial.ch\/fr\/wp-json\/wp\/v2\/categories?post=13840"},{"taxonomy":"post_tag","embeddable":true,"href":"https:\/\/www.svial.ch\/fr\/wp-json\/wp\/v2\/tags?post=13840"}],"curies":[{"name":"wp","href":"https:\/\/api.w.org\/{rel}","templated":true}]}}