{"id":6165,"date":"2022-07-01T09:00:00","date_gmt":"2022-07-01T09:00:00","guid":{"rendered":"https:\/\/www.svial.ch\/retrospective-semestrielle-svial-2022\/"},"modified":"2023-01-16T10:55:29","modified_gmt":"2023-01-16T10:55:29","slug":"retrospective-semestrielle-svial-2022","status":"publish","type":"post","link":"https:\/\/www.svial.ch\/fr\/retrospective-semestrielle-svial-2022\/","title":{"rendered":"R\u00e9trospective semestrielle ASIAT 2022"},"content":{"rendered":"\t\t<div data-elementor-type=\"wp-post\" data-elementor-id=\"6165\" class=\"elementor elementor-6165 elementor-3005\" data-elementor-post-type=\"post\">\n\t\t\t\t\t\t<section class=\"elementor-section elementor-top-section elementor-element elementor-element-6c3bf661 elementor-section-full_width elementor-section-height-default elementor-section-height-default rael-particle-no\" data-id=\"6c3bf661\" data-element_type=\"section\" data-e-type=\"section\" data-settings=\"{&quot;background_background&quot;:&quot;classic&quot;,&quot;rae_animations_entrance&quot;:&quot;none&quot;}\">\n\t\t\t\t\t\t<div class=\"elementor-container elementor-column-gap-default\">\n\t\t\t\t\t<div class=\"elementor-column elementor-col-100 elementor-top-column elementor-element elementor-element-35b3b79f rael-particle-no\" data-id=\"35b3b79f\" data-element_type=\"column\" data-e-type=\"column\">\n\t\t\t<div class=\"elementor-widget-wrap elementor-element-populated\">\n\t\t\t\t\t\t<div class=\"elementor-element elementor-element-726e23c elementor-widget elementor-widget-image\" data-id=\"726e23c\" data-element_type=\"widget\" data-e-type=\"widget\" data-widget_type=\"image.default\">\n\t\t\t\t<div class=\"elementor-widget-container\">\n\t\t\t\t\t\t\t\t\t\t\t\t\t\t\t<img decoding=\"async\" src=\"https:\/\/www.svial.ch\/wp-content\/uploads\/2022\/07\/220703_banner_halbjahrrueckblick22.png\" title=\"220703_banner_halbjahrrueckblick22\" alt=\"220703_banner_halbjahrrueckblick22\" loading=\"lazy\" \/>\t\t\t\t\t\t\t\t\t\t\t\t\t\t\t<\/div>\n\t\t\t\t<\/div>\n\t\t\t\t\t<\/div>\n\t\t<\/div>\n\t\t\t\t\t<\/div>\n\t\t<\/section>\n\t\t\t\t<section class=\"elementor-section elementor-top-section elementor-element elementor-element-17af952a elementor-section-boxed elementor-section-height-default elementor-section-height-default rael-particle-no\" data-id=\"17af952a\" data-element_type=\"section\" data-e-type=\"section\" data-settings=\"{&quot;background_background&quot;:&quot;classic&quot;,&quot;rae_animations_entrance&quot;:&quot;none&quot;}\">\n\t\t\t\t\t\t<div class=\"elementor-container elementor-column-gap-default\">\n\t\t\t\t\t<div class=\"elementor-column elementor-col-100 elementor-top-column elementor-element elementor-element-6183ff83 rael-particle-no\" data-id=\"6183ff83\" data-element_type=\"column\" data-e-type=\"column\" data-settings=\"{&quot;background_background&quot;:&quot;classic&quot;}\">\n\t\t\t<div class=\"elementor-widget-wrap elementor-element-populated\">\n\t\t\t\t\t\t<div class=\"elementor-element elementor-element-6e30f0f8 elementor-widget elementor-widget-heading\" data-id=\"6e30f0f8\" data-element_type=\"widget\" data-e-type=\"widget\" data-widget_type=\"heading.default\">\n\t\t\t\t<div class=\"elementor-widget-container\">\n\t\t\t\t\t<h2 class=\"elementor-heading-title elementor-size-default\">R\u00e9trospective semestrielle ASIAT 2022<\/h2>\t\t\t\t<\/div>\n\t\t\t\t<\/div>\n\t\t\t\t<div class=\"elementor-element elementor-element-23999b61 elementor-widget elementor-widget-heading\" data-id=\"23999b61\" data-element_type=\"widget\" data-e-type=\"widget\" data-widget_type=\"heading.default\">\n\t\t\t\t<div class=\"elementor-widget-container\">\n\t\t\t\t\t<h2 class=\"elementor-heading-title elementor-size-default\">Merci beaucoup pour les belles manifestations organis\u00e9es avec vous !<\/h2>\t\t\t\t<\/div>\n\t\t\t\t<\/div>\n\t\t\t\t<div class=\"elementor-element elementor-element-3fbf6388 elementor-widget elementor-widget-text-editor\" data-id=\"3fbf6388\" data-element_type=\"widget\" data-e-type=\"widget\" data-widget_type=\"text-editor.default\">\n\t\t\t\t<div class=\"elementor-widget-container\">\n\t\t\t\t\t\t\t\t\t<p class=\"artikel-titel\"><span style=\"font-size: 15px; color: var( --e-global-color-text ); letter-spacing: var( --e-global-typography-c519956-letter-spacing ); text-transform: var( --e-global-typography-c519956-text-transform ); word-spacing: var( --e-global-typography-c519956-word-spacing ); text-decoration: var( --e-global-typography-c519956-text-decoration ); background-color: var( --e-global-color-4027bdc );\">Ci-dessous, tu peux voir les points forts du premier semestre 2022 de l&rsquo;ASIAT.<\/span><\/p>\n\t\t\t\t\t\t\t\t<\/div>\n\t\t\t\t<\/div>\n\t\t\t\t<div class=\"elementor-element elementor-element-329aaa69 elementor-widget elementor-widget-heading\" data-id=\"329aaa69\" data-element_type=\"widget\" data-e-type=\"widget\" data-widget_type=\"heading.default\">\n\t\t\t\t<div class=\"elementor-widget-container\">\n\t\t\t\t\t<h2 class=\"elementor-heading-title elementor-size-default\">Future Food Symposium le 04.02.2022<\/h2>\t\t\t\t<\/div>\n\t\t\t\t<\/div>\n\t\t\t\t<div class=\"elementor-element elementor-element-6d827eeb elementor-widget elementor-widget-text-editor\" data-id=\"6d827eeb\" data-element_type=\"widget\" data-e-type=\"widget\" data-widget_type=\"text-editor.default\">\n\t\t\t\t<div class=\"elementor-widget-container\">\n\t\t\t\t\t\t\t\t\t<div class=\"artikel-text \">\n<p>Nous avons organis\u00e9 le Future Food Symposium d\u00e9but f\u00e9vrier pour la troisi\u00e8me fois en collaboration avec Swiss Food Research et la SSEAL. Diff\u00e9rentes approches visant \u00e0 r\u00e9duire les pertes tout au long de la cha\u00eene de cr\u00e9ation de valeur ont \u00e9t\u00e9 pr\u00e9sent\u00e9es \u00e0 plus de 80 participants.<\/p><p>Lors de ces conf\u00e9rences passionnantes, nous avons notamment appris comment le jeune mouvement Agriculture d&rsquo;avenir envisageait le futur syst\u00e8me alimentaire.&nbsp;<\/p>\n<\/div>\t\t\t\t\t\t\t\t<\/div>\n\t\t\t\t<\/div>\n\t\t\t\t<div class=\"elementor-element elementor-element-cdaf37e elementor-widget elementor-widget-heading\" data-id=\"cdaf37e\" data-element_type=\"widget\" data-e-type=\"widget\" data-widget_type=\"heading.default\">\n\t\t\t\t<div class=\"elementor-widget-container\">\n\t\t\t\t\t<h2 class=\"elementor-heading-title elementor-size-default\">Atelier LinkedIn avec Fit For Profit le 16.03.2022<\/h2>\t\t\t\t<\/div>\n\t\t\t\t<\/div>\n\t\t\t\t<div class=\"elementor-element elementor-element-27c5b99 elementor-widget elementor-widget-text-editor\" data-id=\"27c5b99\" data-element_type=\"widget\" data-e-type=\"widget\" data-widget_type=\"text-editor.default\">\n\t\t\t\t<div class=\"elementor-widget-container\">\n\t\t\t\t\t\t\t\t\t<div class=\"artikel-text \">\n<p><span style=\"background-color: var( --e-global-color-4027bdc );\"><span style=\"color: var( --e-global-color-text ); letter-spacing: var( --e-global-typography-c519956-letter-spacing ); text-transform: var( --e-global-typography-c519956-text-transform ); word-spacing: var( --e-global-typography-c519956-word-spacing );\">Lors de l&rsquo;atelier LinkedIn avec l&rsquo;agence Fit for Profit <\/span>, des<span style=\"color: var( --e-global-color-text ); letter-spacing: var( --e-global-typography-c519956-letter-spacing ); text-transform: var( --e-global-typography-c519956-text-transform ); word-spacing: var( --e-global-typography-c519956-word-spacing );\"> connaissances pratiques <\/span>ont \u00e9t\u00e9<span style=\"color: var( --e-global-color-text ); letter-spacing: var( --e-global-typography-c519956-letter-spacing ); text-transform: var( --e-global-typography-c519956-text-transform ); word-spacing: var( --e-global-typography-c519956-word-spacing );\"> transmises<\/span><span style=\"color: var( --e-global-color-text ); letter-spacing: var( --e-global-typography-c519956-letter-spacing ); text-transform: var( --e-global-typography-c519956-text-transform ); word-spacing: var( --e-global-typography-c519956-word-spacing );\"> aux <\/span>jeunes<span style=\"color: var( --e-global-color-text ); letter-spacing: var( --e-global-typography-c519956-letter-spacing ); text-transform: var( --e-global-typography-c519956-text-transform ); word-spacing: var( --e-global-typography-c519956-word-spacing );\"> et aux moins jeunes.<\/span><\/span><\/p>\n<div class=\"page\" title=\"Page 2\">\n<div class=\"layoutArea\">\n<div class=\"column\">\n<p>Les profils LinkedIn des participants ont \u00e9t\u00e9 mis en valeur directement sur place. L&rsquo;agence a pu r\u00e9pondre \u00e0 d&rsquo;autres questions des participants et tous ont pu rentrer chez eux en tant que professionnels de LinkedIn.<\/p>\n<\/div>\n<\/div>\n<\/div>\n<\/div>\n\t\t\t\t\t\t\t\t<\/div>\n\t\t\t\t<\/div>\n\t\t\t\t<div class=\"elementor-element elementor-element-e619539 elementor-widget elementor-widget-image\" data-id=\"e619539\" data-element_type=\"widget\" data-e-type=\"widget\" data-widget_type=\"image.default\">\n\t\t\t\t<div class=\"elementor-widget-container\">\n\t\t\t\t\t\t\t\t\t\t\t\t\t\t\t<img fetchpriority=\"high\" decoding=\"async\" width=\"1024\" height=\"768\" src=\"https:\/\/www.svial.ch\/wp-content\/uploads\/2022\/11\/220703_foto1_halbjahrrueckblick22-1024x768.jpg\" class=\"attachment-large size-large wp-image-6007\" alt=\"\" srcset=\"https:\/\/www.svial.ch\/wp-content\/uploads\/2022\/11\/220703_foto1_halbjahrrueckblick22-1024x768.jpg 1024w, https:\/\/www.svial.ch\/wp-content\/uploads\/2022\/11\/220703_foto1_halbjahrrueckblick22-300x225.jpg 300w, https:\/\/www.svial.ch\/wp-content\/uploads\/2022\/11\/220703_foto1_halbjahrrueckblick22-768x576.jpg 768w, https:\/\/www.svial.ch\/wp-content\/uploads\/2022\/11\/220703_foto1_halbjahrrueckblick22-1536x1152.jpg 1536w, https:\/\/www.svial.ch\/wp-content\/uploads\/2022\/11\/220703_foto1_halbjahrrueckblick22-2048x1536.jpg 2048w\" sizes=\"(max-width: 1024px) 100vw, 1024px\" \/>\t\t\t\t\t\t\t\t\t\t\t\t\t\t\t<\/div>\n\t\t\t\t<\/div>\n\t\t\t\t<div class=\"elementor-element elementor-element-26442f5f elementor-widget elementor-widget-heading\" data-id=\"26442f5f\" data-element_type=\"widget\" data-e-type=\"widget\" data-widget_type=\"heading.default\">\n\t\t\t\t<div class=\"elementor-widget-container\">\n\t\t\t\t\t<h2 class=\"elementor-heading-title elementor-size-default\">Rencontre avec les professionnels<\/h2>\t\t\t\t<\/div>\n\t\t\t\t<\/div>\n\t\t\t\t<div class=\"elementor-element elementor-element-7506d486 elementor-widget elementor-widget-text-editor\" data-id=\"7506d486\" data-element_type=\"widget\" data-e-type=\"widget\" data-widget_type=\"text-editor.default\">\n\t\t\t\t<div class=\"elementor-widget-container\">\n\t\t\t\t\t\t\t\t\t<div class=\"page\" title=\"Page 2\">\n<div class=\"layoutArea\">\n<div class=\"column\">\n<p>En collaboration avec ZHAW Alumni Life Sciences, nous avons propos\u00e9 aux \u00e9tudiants du bachelor en technologie alimentaire l&rsquo;\u00e9v\u00e9nement Meet the Professionals. Trois intervenantes, qui ont termin\u00e9 leurs \u00e9tudes \u00e0 la ZHAW il y a quelques ann\u00e9es, sont revenues \u00e0 l&rsquo;universit\u00e9 pour raconter leur parcours aux 45 \u00e9tudiants pr\u00e9sents.<\/p>\n<\/div>\n<\/div>\n<\/div>\n\t\t\t\t\t\t\t\t<\/div>\n\t\t\t\t<\/div>\n\t\t\t\t<div class=\"elementor-element elementor-element-d12570a elementor-widget elementor-widget-heading\" data-id=\"d12570a\" data-element_type=\"widget\" data-e-type=\"widget\" data-widget_type=\"heading.default\">\n\t\t\t\t<div class=\"elementor-widget-container\">\n\t\t\t\t\t<h2 class=\"elementor-heading-title elementor-size-default\">Focus sur l'Agro Food Science<\/h2>\t\t\t\t<\/div>\n\t\t\t\t<\/div>\n\t\t\t\t<div class=\"elementor-element elementor-element-b8c1094 elementor-widget elementor-widget-text-editor\" data-id=\"b8c1094\" data-element_type=\"widget\" data-e-type=\"widget\" data-widget_type=\"text-editor.default\">\n\t\t\t\t<div class=\"elementor-widget-container\">\n\t\t\t\t\t\t\t\t\t<div class=\"page\" title=\"Page 3\">\n<div class=\"layoutArea\">\n<div class=\"column\">\n<p>Par ailleurs, deux \u00e9ditions d&rsquo;Agro Food Science ont \u00e9t\u00e9 mises \u00e0 l&rsquo;honneur au cours du premier semestre, o\u00f9 nous avons pr\u00e9sent\u00e9 des projets de recherche innovants. La professeure Laura Nystr\u00f6m de l&rsquo;EPFZ a pr\u00e9sent\u00e9 un projet de valorisation des sous-produits de la production d&rsquo;huile d&rsquo;olive. Le Dr Roman Gr\u00fcter de la ZHAW W\u00e4denswil nous a pr\u00e9sent\u00e9 un outil permettant de mesurer le d\u00e9placement des zones de culture en raison du changement climatique.<\/p>\n<\/div>\n<\/div>\n<\/div>\n\t\t\t\t\t\t\t\t<\/div>\n\t\t\t\t<\/div>\n\t\t\t\t<div class=\"elementor-element elementor-element-76fbd59 elementor-widget elementor-widget-heading\" data-id=\"76fbd59\" data-element_type=\"widget\" data-e-type=\"widget\" data-widget_type=\"heading.default\">\n\t\t\t\t<div class=\"elementor-widget-container\">\n\t\t\t\t\t<h2 class=\"elementor-heading-title elementor-size-default\">Congr\u00e8s de l'industrie laiti\u00e8re<\/h2>\t\t\t\t<\/div>\n\t\t\t\t<\/div>\n\t\t\t\t<div class=\"elementor-element elementor-element-b628be6 elementor-widget elementor-widget-text-editor\" data-id=\"b628be6\" data-element_type=\"widget\" data-e-type=\"widget\" data-widget_type=\"text-editor.default\">\n\t\t\t\t<div class=\"elementor-widget-container\">\n\t\t\t\t\t\t\t\t\t<div class=\"page\" title=\"Page 3\">\n<div class=\"layoutArea\">\n<div class=\"column\">\n<p>Quelles sont les chances et les d\u00e9fis de la cha\u00eene de valeur ajout\u00e9e du lait suisse ?<\/p>\n<p>C&rsquo;est ce que nous avons pu apprendre des intervenants de l&rsquo;IP Lait, du groupe Emmi, de Mooh, de la FPSL et de Bio Suisse lors de la journ\u00e9e de l&rsquo;\u00e9conomie laiti\u00e8re organis\u00e9e \u00e0 l&rsquo;Inforama Bildungs- und Beratungszentrum R\u00fctti avec Agridea. L&rsquo;apr\u00e8s-midi, lors des ateliers respectifs, les questions et les id\u00e9es ont encore \u00e9t\u00e9 clarifi\u00e9es et \u00e9labor\u00e9es en commun.<\/p>\n<\/div>\n<\/div>\n<\/div>\n\t\t\t\t\t\t\t\t<\/div>\n\t\t\t\t<\/div>\n\t\t\t\t<div class=\"elementor-element elementor-element-104b311 elementor-widget elementor-widget-image\" data-id=\"104b311\" data-element_type=\"widget\" data-e-type=\"widget\" data-widget_type=\"image.default\">\n\t\t\t\t<div class=\"elementor-widget-container\">\n\t\t\t\t\t\t\t\t\t\t\t\t\t\t\t<img decoding=\"async\" width=\"1024\" height=\"768\" src=\"https:\/\/www.svial.ch\/wp-content\/uploads\/2022\/11\/220703_foto2_halbjahrrueckblick22-1024x768.jpg\" class=\"attachment-large size-large wp-image-6009\" alt=\"\" srcset=\"https:\/\/www.svial.ch\/wp-content\/uploads\/2022\/11\/220703_foto2_halbjahrrueckblick22-1024x768.jpg 1024w, https:\/\/www.svial.ch\/wp-content\/uploads\/2022\/11\/220703_foto2_halbjahrrueckblick22-300x225.jpg 300w, https:\/\/www.svial.ch\/wp-content\/uploads\/2022\/11\/220703_foto2_halbjahrrueckblick22-768x576.jpg 768w, https:\/\/www.svial.ch\/wp-content\/uploads\/2022\/11\/220703_foto2_halbjahrrueckblick22-1536x1152.jpg 1536w, https:\/\/www.svial.ch\/wp-content\/uploads\/2022\/11\/220703_foto2_halbjahrrueckblick22-2048x1536.jpg 2048w\" sizes=\"(max-width: 1024px) 100vw, 1024px\" \/>\t\t\t\t\t\t\t\t\t\t\t\t\t\t\t<\/div>\n\t\t\t\t<\/div>\n\t\t\t\t<div class=\"elementor-element elementor-element-28390e0 elementor-widget elementor-widget-heading\" data-id=\"28390e0\" data-element_type=\"widget\" data-e-type=\"widget\" data-widget_type=\"heading.default\">\n\t\t\t\t<div class=\"elementor-widget-container\">\n\t\t\t\t\t<h2 class=\"elementor-heading-title elementor-size-default\">ASIAT en visite chez planted. le 07.04.2022<\/h2>\t\t\t\t<\/div>\n\t\t\t\t<\/div>\n\t\t\t\t<div class=\"elementor-element elementor-element-f8da30d elementor-widget elementor-widget-text-editor\" data-id=\"f8da30d\" data-element_type=\"widget\" data-e-type=\"widget\" data-widget_type=\"text-editor.default\">\n\t\t\t\t<div class=\"elementor-widget-container\">\n\t\t\t\t\t\t\t\t\t<div class=\"page\" title=\"Page 3\">\n<div class=\"layoutArea\">\n<div class=\"column\">\n<div class=\"page\" title=\"Page 4\">\n<div class=\"layoutArea\">\n<div class=\"column\">\n<p>Pascal Bieri, cofondateur de planted. et Patrick R\u00fchs, le responsable scientifique de planted. nous ont donn\u00e9 de superbes aper\u00e7us de leur id\u00e9e commerciale et de la production de leurs alternatives \u00e0 la viande \u00e0 base de prot\u00e9ines de pois.<\/p>\n<div class=\"page\" title=\"Page 4\">\n<div class=\"layoutArea\">\n<div class=\"column\">\n<p>Lors de l&rsquo;ap\u00e9ritif final, les participants ont d\u00e9gust\u00e9 des d\u00e9lices du restaurant Hiltl et, bien s\u00fbr, la planted. Des produits \u00e0 d\u00e9guster &#8211; une super soir\u00e9e !<\/p>\n<\/div>\n<\/div>\n<\/div>\n<\/div>\n<\/div>\n<\/div>\n<\/div>\n<\/div>\n<\/div>\n\t\t\t\t\t\t\t\t<\/div>\n\t\t\t\t<\/div>\n\t\t\t\t<div class=\"elementor-element elementor-element-d15015f elementor-widget elementor-widget-image\" data-id=\"d15015f\" data-element_type=\"widget\" data-e-type=\"widget\" data-widget_type=\"image.default\">\n\t\t\t\t<div class=\"elementor-widget-container\">\n\t\t\t\t\t\t\t\t\t\t\t\t\t\t\t<img decoding=\"async\" width=\"683\" height=\"1024\" src=\"https:\/\/www.svial.ch\/wp-content\/uploads\/2022\/11\/220703_foto3_halbjahrrueckblick22-683x1024.jpeg\" class=\"attachment-large size-large wp-image-6011\" alt=\"\" srcset=\"https:\/\/www.svial.ch\/wp-content\/uploads\/2022\/11\/220703_foto3_halbjahrrueckblick22-683x1024.jpeg 683w, https:\/\/www.svial.ch\/wp-content\/uploads\/2022\/11\/220703_foto3_halbjahrrueckblick22-200x300.jpeg 200w, https:\/\/www.svial.ch\/wp-content\/uploads\/2022\/11\/220703_foto3_halbjahrrueckblick22-768x1152.jpeg 768w, https:\/\/www.svial.ch\/wp-content\/uploads\/2022\/11\/220703_foto3_halbjahrrueckblick22-1024x1536.jpeg 1024w, https:\/\/www.svial.ch\/wp-content\/uploads\/2022\/11\/220703_foto3_halbjahrrueckblick22-1365x2048.jpeg 1365w, https:\/\/www.svial.ch\/wp-content\/uploads\/2022\/11\/220703_foto3_halbjahrrueckblick22-scaled.jpeg 1707w\" sizes=\"(max-width: 683px) 100vw, 683px\" \/>\t\t\t\t\t\t\t\t\t\t\t\t\t\t\t<\/div>\n\t\t\t\t<\/div>\n\t\t\t\t<div class=\"elementor-element elementor-element-6c98db5 elementor-widget elementor-widget-heading\" data-id=\"6c98db5\" data-element_type=\"widget\" data-e-type=\"widget\" data-widget_type=\"heading.default\">\n\t\t\t\t<div class=\"elementor-widget-container\">\n\t\t\t\t\t<h2 class=\"elementor-heading-title elementor-size-default\">Assembl\u00e9e g\u00e9n\u00e9rale dans la biosph\u00e8re d'Entlebuch le 13.05.2022<\/h2>\t\t\t\t<\/div>\n\t\t\t\t<\/div>\n\t\t\t\t<div class=\"elementor-element elementor-element-9af6c4f elementor-widget elementor-widget-text-editor\" data-id=\"9af6c4f\" data-element_type=\"widget\" data-e-type=\"widget\" data-widget_type=\"text-editor.default\">\n\t\t\t\t<div class=\"elementor-widget-container\">\n\t\t\t\t\t\t\t\t\t<div class=\"page\" title=\"Page 3\">\n<div class=\"layoutArea\">\n<div class=\"column\">\n<div class=\"page\" title=\"Page 4\">\n<div class=\"layoutArea\">\n<div class=\"column\">\n<p>Notre assembl\u00e9e g\u00e9n\u00e9rale s&rsquo;est tenue fin mai au centre de formation professionnelle de Sch\u00fcpfheim, dans le bel Entlebuch. Trois pr\u00e9sentations nous ont montr\u00e9 l&rsquo;impressionnant d\u00e9veloppement final de la r\u00e9gion et nos membres ont profit\u00e9 de leurs retrouvailles pour \u00e9changer lors de l&rsquo;ap\u00e9ritif qui a suivi et au cours duquel ils ont pu d\u00e9guster des d\u00e9lices r\u00e9gionaux.<\/p>\n<p>Cette ann\u00e9e encore, les deux travaux de bachelor en sciences agronomiques et alimentaires prim\u00e9s par l&rsquo;ASIAT nous ont \u00e9t\u00e9 pr\u00e9sent\u00e9s. Nous profitons de l&rsquo;occasion pour f\u00e9liciter encore une fois Tanja Berger et Carol Tanne pour leurs excellents travaux.<\/p>\n<p>C&rsquo;est incroyable comme la r\u00e9gion s&rsquo;est d\u00e9velopp\u00e9e au cours des 20 derni\u00e8res ann\u00e9es. C&rsquo;\u00e9tait un plaisir de voir autant de membres r\u00e9unis au m\u00eame endroit.<\/p>\n<\/div>\n<\/div>\n<\/div>\n<\/div>\n<\/div>\n<\/div>\n\t\t\t\t\t\t\t\t<\/div>\n\t\t\t\t<\/div>\n\t\t\t\t<div class=\"elementor-element elementor-element-0c88d62 elementor-widget elementor-widget-heading\" data-id=\"0c88d62\" data-element_type=\"widget\" data-e-type=\"widget\" data-widget_type=\"heading.default\">\n\t\t\t\t<div class=\"elementor-widget-container\">\n\t\t\t\t\t<h2 class=\"elementor-heading-title elementor-size-default\">Politique agricole 22+ avec Bernard Belk<\/h2>\t\t\t\t<\/div>\n\t\t\t\t<\/div>\n\t\t\t\t<div class=\"elementor-element elementor-element-0eeb6da elementor-widget elementor-widget-text-editor\" data-id=\"0eeb6da\" data-element_type=\"widget\" data-e-type=\"widget\" data-widget_type=\"text-editor.default\">\n\t\t\t\t<div class=\"elementor-widget-container\">\n\t\t\t\t\t\t\t\t\t<div class=\"page\" title=\"Page 3\">\n<div class=\"layoutArea\">\n<div class=\"column\">\n<div class=\"page\" title=\"Page 4\">\n<div class=\"layoutArea\">\n<div class=\"column\">\n<div class=\"page\" title=\"Page 6\">\n<div class=\"layoutArea\">\n<div class=\"column\">\n<div class=\"page\" title=\"Page 6\">\n<div class=\"layoutArea\">\n<div class=\"column\">\n<p>Bernard Belk, vice-pr\u00e9sident de l&rsquo;Office f\u00e9d\u00e9ral de l&rsquo;agriculture (OFAG), nous a donn\u00e9 des informations int\u00e9ressantes sur la situation actuelle de la politique agricole et les travaux de l&rsquo;OFAG.<\/p>\n<div class=\"page\" title=\"Page 6\">\n<div class=\"layoutArea\">\n<div class=\"column\">\n<p>Les questions importantes des participants ont pu \u00eatre clarifi\u00e9es et les discussions se sont poursuivies avec assiduit\u00e9 lors de l&rsquo;ap\u00e9ritif.<\/p>\n<\/div>\n<\/div>\n<\/div>\n<\/div>\n<\/div>\n<\/div>\n<\/div>\n<\/div>\n<\/div>\n<\/div>\n<\/div>\n<\/div>\n<\/div>\n<\/div>\n<\/div>\t\t\t\t\t\t\t\t<\/div>\n\t\t\t\t<\/div>\n\t\t\t\t<div class=\"elementor-element elementor-element-f75fb5f elementor-widget elementor-widget-image\" data-id=\"f75fb5f\" data-element_type=\"widget\" data-e-type=\"widget\" data-widget_type=\"image.default\">\n\t\t\t\t<div class=\"elementor-widget-container\">\n\t\t\t\t\t\t\t\t\t\t\t\t\t\t\t<img loading=\"lazy\" decoding=\"async\" width=\"1024\" height=\"683\" src=\"https:\/\/www.svial.ch\/wp-content\/uploads\/2022\/11\/220703_foto4_halbjahrrueckblick22-1024x683.jpeg\" class=\"attachment-large size-large wp-image-6013\" alt=\"\" srcset=\"https:\/\/www.svial.ch\/wp-content\/uploads\/2022\/11\/220703_foto4_halbjahrrueckblick22-1024x683.jpeg 1024w, https:\/\/www.svial.ch\/wp-content\/uploads\/2022\/11\/220703_foto4_halbjahrrueckblick22-300x200.jpeg 300w, https:\/\/www.svial.ch\/wp-content\/uploads\/2022\/11\/220703_foto4_halbjahrrueckblick22-768x512.jpeg 768w, https:\/\/www.svial.ch\/wp-content\/uploads\/2022\/11\/220703_foto4_halbjahrrueckblick22.jpeg 1080w\" sizes=\"(max-width: 1024px) 100vw, 1024px\" \/>\t\t\t\t\t\t\t\t\t\t\t\t\t\t\t<\/div>\n\t\t\t\t<\/div>\n\t\t\t\t<div class=\"elementor-element elementor-element-53824cd elementor-align-center animated-slow elementor-widget elementor-widget-button\" data-id=\"53824cd\" data-element_type=\"widget\" data-e-type=\"widget\" data-settings=\"{&quot;_animation&quot;:&quot;none&quot;,&quot;_animation_delay&quot;:200}\" data-widget_type=\"button.default\">\n\t\t\t\t<div class=\"elementor-widget-container\">\n\t\t\t\t\t\t\t\t\t<div class=\"elementor-button-wrapper\">\n\t\t\t\t\t<a class=\"elementor-button elementor-button-link elementor-size-sm\" href=\"https:\/\/www.svial.ch\/fr\/actualites\/#svialnews\">\n\t\t\t\t\t\t<span class=\"elementor-button-content-wrapper\">\n\t\t\t\t\t\t<span class=\"elementor-button-icon\">\n\t\t\t\t\t\t\t<\/span>\n\t\t\t\t\t\t\t\t\t<span class=\"elementor-button-text\">autres nouvelles de l'ASIAT<\/span>\n\t\t\t\t\t<\/span>\n\t\t\t\t\t<\/a>\n\t\t\t\t<\/div>\n\t\t\t\t\t\t\t\t<\/div>\n\t\t\t\t<\/div>\n\t\t\t\t\t<\/div>\n\t\t<\/div>\n\t\t\t\t\t<\/div>\n\t\t<\/section>\n\t\t\t\t<\/div>\n\t\t","protected":false},"excerpt":{"rendered":"<p>Nous avons le plaisir de vous pr\u00e9senter la r\u00e9trospective semestrielle de l&rsquo;ASIAT. Nous avons rassembl\u00e9 de superbes photos de nos \u00e9v\u00e9nements et les avons compl\u00e9t\u00e9es par des descriptions. C&rsquo;est toujours un plaisir d&rsquo;aborder et de discuter avec vous, au sein de notre r\u00e9seau, de sujets importants pour le secteur agroalimentaire.<\/p>\n","protected":false},"author":1,"featured_media":6015,"comment_status":"closed","ping_status":"open","sticky":false,"template":"elementor_header_footer","format":"gallery","meta":{"ocean_post_layout":"full-screen","ocean_both_sidebars_style":"","ocean_both_sidebars_content_width":0,"ocean_both_sidebars_sidebars_width":0,"ocean_sidebar":"0","ocean_second_sidebar":"0","ocean_disable_margins":"enable","ocean_add_body_class":"","ocean_shortcode_before_top_bar":"","ocean_shortcode_after_top_bar":"","ocean_shortcode_before_header":"","ocean_shortcode_after_header":"","ocean_has_shortcode":"","ocean_shortcode_after_title":"","ocean_shortcode_before_footer_widgets":"","ocean_shortcode_after_footer_widgets":"","ocean_shortcode_before_footer_bottom":"","ocean_shortcode_after_footer_bottom":"","ocean_display_top_bar":"off","ocean_display_header":"default","ocean_header_style":"","ocean_center_header_left_menu":"0","ocean_custom_header_template":"0","ocean_custom_logo":0,"ocean_custom_retina_logo":0,"ocean_custom_logo_max_width":0,"ocean_custom_logo_tablet_max_width":0,"ocean_custom_logo_mobile_max_width":0,"ocean_custom_logo_max_height":0,"ocean_custom_logo_tablet_max_height":0,"ocean_custom_logo_mobile_max_height":0,"ocean_header_custom_menu":"0","ocean_menu_typo_font_family":"0","ocean_menu_typo_font_subset":"","ocean_menu_typo_font_size":0,"ocean_menu_typo_font_size_tablet":0,"ocean_menu_typo_font_size_mobile":0,"ocean_menu_typo_font_size_unit":"px","ocean_menu_typo_font_weight":"","ocean_menu_typo_font_weight_tablet":"","ocean_menu_typo_font_weight_mobile":"","ocean_menu_typo_transform":"","ocean_menu_typo_transform_tablet":"","ocean_menu_typo_transform_mobile":"","ocean_menu_typo_line_height":0,"ocean_menu_typo_line_height_tablet":0,"ocean_menu_typo_line_height_mobile":0,"ocean_menu_typo_line_height_unit":"","ocean_menu_typo_spacing":0,"ocean_menu_typo_spacing_tablet":0,"ocean_menu_typo_spacing_mobile":0,"ocean_menu_typo_spacing_unit":"","ocean_menu_link_color":"","ocean_menu_link_color_hover":"","ocean_menu_link_color_active":"","ocean_menu_link_background":"","ocean_menu_link_hover_background":"","ocean_menu_link_active_background":"","ocean_menu_social_links_bg":"","ocean_menu_social_hover_links_bg":"","ocean_menu_social_links_color":"","ocean_menu_social_hover_links_color":"","ocean_disable_title":"on","ocean_disable_heading":"default","ocean_post_title":"","ocean_post_subheading":"","ocean_post_title_style":"","ocean_post_title_background_color":"","ocean_post_title_background":0,"ocean_post_title_bg_image_position":"","ocean_post_title_bg_image_attachment":"","ocean_post_title_bg_image_repeat":"","ocean_post_title_bg_image_size":"","ocean_post_title_height":0,"ocean_post_title_bg_overlay":0.5,"ocean_post_title_bg_overlay_color":"","ocean_disable_breadcrumbs":"default","ocean_breadcrumbs_color":"","ocean_breadcrumbs_separator_color":"","ocean_breadcrumbs_links_color":"","ocean_breadcrumbs_links_hover_color":"","ocean_display_footer_widgets":"off","ocean_display_footer_bottom":"off","ocean_custom_footer_template":"0","iawp_total_views":1,"ocean_post_oembed":"","ocean_post_self_hosted_media":"","ocean_post_video_embed":"","ocean_link_format":"","ocean_link_format_target":"self","ocean_quote_format":"","ocean_quote_format_link":"post","ocean_gallery_link_images":"on","ocean_gallery_id":[],"footnotes":""},"categories":[34],"tags":[],"class_list":["post-6165","post","type-post","status-publish","format-gallery","has-post-thumbnail","hentry","category-nouvelles-de-lasial","post_format-post-format-gallery","entry","has-media"],"_links":{"self":[{"href":"https:\/\/www.svial.ch\/fr\/wp-json\/wp\/v2\/posts\/6165","targetHints":{"allow":["GET"]}}],"collection":[{"href":"https:\/\/www.svial.ch\/fr\/wp-json\/wp\/v2\/posts"}],"about":[{"href":"https:\/\/www.svial.ch\/fr\/wp-json\/wp\/v2\/types\/post"}],"author":[{"embeddable":true,"href":"https:\/\/www.svial.ch\/fr\/wp-json\/wp\/v2\/users\/1"}],"replies":[{"embeddable":true,"href":"https:\/\/www.svial.ch\/fr\/wp-json\/wp\/v2\/comments?post=6165"}],"version-history":[{"count":4,"href":"https:\/\/www.svial.ch\/fr\/wp-json\/wp\/v2\/posts\/6165\/revisions"}],"predecessor-version":[{"id":8077,"href":"https:\/\/www.svial.ch\/fr\/wp-json\/wp\/v2\/posts\/6165\/revisions\/8077"}],"wp:featuredmedia":[{"embeddable":true,"href":"https:\/\/www.svial.ch\/fr\/wp-json\/wp\/v2\/media\/6015"}],"wp:attachment":[{"href":"https:\/\/www.svial.ch\/fr\/wp-json\/wp\/v2\/media?parent=6165"}],"wp:term":[{"taxonomy":"category","embeddable":true,"href":"https:\/\/www.svial.ch\/fr\/wp-json\/wp\/v2\/categories?post=6165"},{"taxonomy":"post_tag","embeddable":true,"href":"https:\/\/www.svial.ch\/fr\/wp-json\/wp\/v2\/tags?post=6165"}],"curies":[{"name":"wp","href":"https:\/\/api.w.org\/{rel}","templated":true}]}}