{"id":6189,"date":"2022-11-29T06:46:37","date_gmt":"2022-11-29T06:46:37","guid":{"rendered":"https:\/\/www.svial.ch\/nouvelles-du-terrain-mondial-de-berne\/"},"modified":"2023-01-16T10:42:27","modified_gmt":"2023-01-16T10:42:27","slug":"nouvelles-du-terrain-mondial-de-berne","status":"publish","type":"post","link":"https:\/\/www.svial.ch\/fr\/nouvelles-du-terrain-mondial-de-berne\/","title":{"rendered":"Nouvelles du Terrain mondial de Berne"},"content":{"rendered":"\t\t<div data-elementor-type=\"wp-post\" data-elementor-id=\"6189\" class=\"elementor elementor-6189 elementor-5364\" data-elementor-post-type=\"post\">\n\t\t\t\t\t\t<section class=\"elementor-section elementor-top-section elementor-element elementor-element-6c3bf661 elementor-section-full_width elementor-section-height-default elementor-section-height-default rael-particle-no\" data-id=\"6c3bf661\" data-element_type=\"section\" data-e-type=\"section\" data-settings=\"{&quot;background_background&quot;:&quot;classic&quot;,&quot;rae_animations_entrance&quot;:&quot;none&quot;}\">\n\t\t\t\t\t\t<div class=\"elementor-container elementor-column-gap-default\">\n\t\t\t\t\t<div class=\"elementor-column elementor-col-100 elementor-top-column elementor-element elementor-element-35b3b79f rael-particle-no\" data-id=\"35b3b79f\" data-element_type=\"column\" data-e-type=\"column\">\n\t\t\t<div class=\"elementor-widget-wrap elementor-element-populated\">\n\t\t\t\t\t\t<div class=\"elementor-element elementor-element-726e23c elementor-widget elementor-widget-image\" data-id=\"726e23c\" data-element_type=\"widget\" data-e-type=\"widget\" data-widget_type=\"image.default\">\n\t\t\t\t<div class=\"elementor-widget-container\">\n\t\t\t\t\t\t\t\t\t\t\t\t\t\t\t<img decoding=\"async\" src=\"https:\/\/www.svial.ch\/wp-content\/uploads\/2022\/11\/221129_banner_weltackerbern.jpeg\" title=\"221129_banner_weltackerbern\" alt=\"221129_banner_weltackerbern\" loading=\"lazy\" \/>\t\t\t\t\t\t\t\t\t\t\t\t\t\t\t<\/div>\n\t\t\t\t<\/div>\n\t\t\t\t\t<\/div>\n\t\t<\/div>\n\t\t\t\t\t<\/div>\n\t\t<\/section>\n\t\t\t\t<section class=\"elementor-section elementor-top-section elementor-element elementor-element-17af952a elementor-section-boxed elementor-section-height-default elementor-section-height-default rael-particle-no\" data-id=\"17af952a\" data-element_type=\"section\" data-e-type=\"section\" data-settings=\"{&quot;background_background&quot;:&quot;classic&quot;,&quot;rae_animations_entrance&quot;:&quot;none&quot;}\">\n\t\t\t\t\t\t<div class=\"elementor-container elementor-column-gap-default\">\n\t\t\t\t\t<div class=\"elementor-column elementor-col-100 elementor-top-column elementor-element elementor-element-6183ff83 rael-particle-no\" data-id=\"6183ff83\" data-element_type=\"column\" data-e-type=\"column\" data-settings=\"{&quot;background_background&quot;:&quot;classic&quot;}\">\n\t\t\t<div class=\"elementor-widget-wrap elementor-element-populated\">\n\t\t\t\t\t\t<div class=\"elementor-element elementor-element-6e30f0f8 elementor-widget elementor-widget-heading\" data-id=\"6e30f0f8\" data-element_type=\"widget\" data-e-type=\"widget\" data-widget_type=\"heading.default\">\n\t\t\t\t<div class=\"elementor-widget-container\">\n\t\t\t\t\t<h2 class=\"elementor-heading-title elementor-size-default\">Nouvelles du Terrain mondial de Berne<\/h2>\t\t\t\t<\/div>\n\t\t\t\t<\/div>\n\t\t\t\t<div class=\"elementor-element elementor-element-3fbf6388 elementor-widget elementor-widget-text-editor\" data-id=\"3fbf6388\" data-element_type=\"widget\" data-e-type=\"widget\" data-widget_type=\"text-editor.default\">\n\t\t\t\t<div class=\"elementor-widget-container\">\n\t\t\t\t\t\t\t\t\t<p>Chers membres de l&rsquo;association<span class=\"Apple-converted-space\"> <\/span><\/p>\n<p>En accord avec la devise de l&rsquo;ann\u00e9e \u00ab\u00a0Plus de haricots dans les champs et dans l&rsquo;assiette\u00a0\u00bb, la f\u00eate des r\u00e9coltes a permis de montrer ce qui est important lorsqu&rsquo;on pr\u00e9pare de l&rsquo;houmous \u00e0 partir de pois chiches ou d&rsquo;autres l\u00e9gumineuses. Le 17 septembre, il a \u00e9t\u00e9 possible de d\u00e9guster des lupins doux marin\u00e9s et d&rsquo;apprendre des choses int\u00e9ressantes sur les l\u00e9gumineuses gr\u00e2ce aux installations.<span class=\"Apple-converted-space\"> <\/span><\/p>\n<p>Pr\u00e8s du v\u00e9lo, qui \u00e9tait reli\u00e9 \u00e0 une presse \u00e0 huile, verre apr\u00e8s verre, l&rsquo;huile de colza fra\u00eechement press\u00e9e a \u00e9t\u00e9 vers\u00e9e. La polenta et les l\u00e9gumes du champ mondial, ainsi qu&rsquo;un d\u00e9licieux g\u00e2teau aux quetsches, ont fait le bonheur des gourmands. Bref, l&rsquo;\u00e9quipe du Weltacker a tout donn\u00e9 pour que la f\u00eate soit belle.<span class=\"Apple-converted-space\"> <\/span><\/p>\n\t\t\t\t\t\t\t\t<\/div>\n\t\t\t\t<\/div>\n\t\t\t\t<div class=\"elementor-element elementor-element-329aaa69 elementor-widget elementor-widget-heading\" data-id=\"329aaa69\" data-element_type=\"widget\" data-e-type=\"widget\" data-widget_type=\"heading.default\">\n\t\t\t\t<div class=\"elementor-widget-container\">\n\t\t\t\t\t<h2 class=\"elementor-heading-title elementor-size-default\">Weltacker \u00e0 la \"Sichlete\" et au \"\u00d6pfu &amp; H\u00e4rd\u00f6pfu M\u00e4rit\".<\/h2>\t\t\t\t<\/div>\n\t\t\t\t<\/div>\n\t\t\t\t<div class=\"elementor-element elementor-element-6d827eeb elementor-widget elementor-widget-text-editor\" data-id=\"6d827eeb\" data-element_type=\"widget\" data-e-type=\"widget\" data-widget_type=\"text-editor.default\">\n\t\t\t\t<div class=\"elementor-widget-container\">\n\t\t\t\t\t\t\t\t\t<p>L&rsquo;\u00e9quipe du Weltacker et l&rsquo;OGG ont profit\u00e9 de deux \u00e9v\u00e9nements en automne pour faire de la publicit\u00e9 pour le Weltacker Berne. Lors de la Sichlete, un \u00e9v\u00e9nement organis\u00e9 par l&rsquo;Union des paysans bernois sur la Place f\u00e9d\u00e9rale, les visiteurs ont pu d\u00e9couvrir sur le stand de l&rsquo;OGG comment un champ mondial est divis\u00e9 et quelles graines y germent. Le champ mondial de Berne s&rsquo;est pr\u00e9sent\u00e9 de la m\u00eame mani\u00e8re les 14 et 15 octobre lors du march\u00e9 \u00d6pfu &amp; H\u00e4rd\u00f6pfu devant le centre du Wankdorf \u00e0 Berne. Pour entrer en contact avec les visiteurs, un concours a \u00e9t\u00e9 organis\u00e9 pour savoir quel pourcentage de la surface agricole mondiale est consacr\u00e9 \u00e0 la pomme de terre. 144 cartes de concours ont \u00e9t\u00e9 d\u00e9pos\u00e9es \u00e0 la Sichlete et 133 au \u00d6pfu &amp; H\u00e4rd\u00f6pfu M\u00e4rit. Une visite guid\u00e9e des champs mondiaux \u00e9tait \u00e0 gagner pour chacun d&rsquo;entre eux.<span class=\"Apple-converted-space\"> <\/span><\/p>\n\t\t\t\t\t\t\t\t<\/div>\n\t\t\t\t<\/div>\n\t\t\t\t<div class=\"elementor-element elementor-element-cdaf37e elementor-widget elementor-widget-heading\" data-id=\"cdaf37e\" data-element_type=\"widget\" data-e-type=\"widget\" data-widget_type=\"heading.default\">\n\t\t\t\t<div class=\"elementor-widget-container\">\n\t\t\t\t\t<h2 class=\"elementor-heading-title elementor-size-default\">Merci \u00e0 tous ceux qui se sont engag\u00e9s<\/h2>\t\t\t\t<\/div>\n\t\t\t\t<\/div>\n\t\t\t\t<div class=\"elementor-element elementor-element-27c5b99 elementor-widget elementor-widget-text-editor\" data-id=\"27c5b99\" data-element_type=\"widget\" data-e-type=\"widget\" data-widget_type=\"text-editor.default\">\n\t\t\t\t<div class=\"elementor-widget-container\">\n\t\t\t\t\t\t\t\t\t<p>Le champ se pr\u00e9sente dans sa robe d&rsquo;automne, la plupart des fruits ont \u00e9t\u00e9 r\u00e9colt\u00e9s et les derni\u00e8res visites guid\u00e9es ont eu lieu fin octobre. Il est temps de remercier ceux qui ont rendu possible le Weltacker Bern et sa riche offre de formation. L&rsquo;\u00e9quipe \u00e9ducative a fait visiter les champs \u00e0 2500 personnes au cours de la deuxi\u00e8me saison. C&rsquo;est pr\u00e8s de 40% de plus que lors de la premi\u00e8re saison. En outre, certains se sont engag\u00e9s comme b\u00e9n\u00e9voles dans la culture, l&rsquo;entretien et la r\u00e9colte. Pour remercier tout le monde, l&rsquo;\u00e9quipe de Weltacker Bern a organis\u00e9 une f\u00eate des b\u00e9n\u00e9voles le 2 novembre. Apr\u00e8s un ap\u00e9ritif avec des chips de haricots, l&rsquo;\u00e9quipe a rendu hommage \u00e0 toutes les personnes pr\u00e9sentes avec des mots personnels et a remis \u00e0 chacun un certificat de remerciement. Pour le d\u00eener, une soupe aux pois du Weltacker a \u00e9t\u00e9 servie et la responsable de la formation, Rahel Gunsch, a fait une r\u00e9trospective en images de la saison qui vient de s&rsquo;achever. Ceux qui le souhaitaient pouvaient remplir un sac de produits du Terrain mondial de Berne : Polenta et ma\u00efs \u00e0 pop-corn, farine bise et huile de colza, soja et sorgho \u00e9taient au choix. L&rsquo;\u00e9quipe de Weltacker pr\u00e9sentera une r\u00e9trospective d\u00e9taill\u00e9e lors de l&rsquo;assembl\u00e9e g\u00e9n\u00e9rale de 2023.<span class=\"Apple-converted-space\"> <\/span><\/p>\n<p>Pour la saison 2023, nous recherchons de nouveaux membres pour l&rsquo;\u00e9quipe \u00e9ducative. Les personnes int\u00e9ress\u00e9es par la p\u00e9dagogie et souhaitant assurer des visites guid\u00e9es peuvent s&rsquo;adresser \u00e0 Johanna Bergmann, <a href=\"mailto:mail@weltacker-bern.ch\">mail@weltacker-bern.ch.<\/a> Le travail est r\u00e9mun\u00e9r\u00e9.<span class=\"Apple-converted-space\"> <\/span><\/p>\n\t\t\t\t\t\t\t\t<\/div>\n\t\t\t\t<\/div>\n\t\t\t\t<section class=\"elementor-section elementor-inner-section elementor-element elementor-element-96cd6ee elementor-section-boxed elementor-section-height-default elementor-section-height-default rael-particle-no\" data-id=\"96cd6ee\" data-element_type=\"section\" data-e-type=\"section\" data-settings=\"{&quot;rae_animations_entrance&quot;:&quot;none&quot;}\">\n\t\t\t\t\t\t<div class=\"elementor-container elementor-column-gap-default\">\n\t\t\t\t\t<div class=\"elementor-column elementor-col-50 elementor-inner-column elementor-element elementor-element-da18dc5 rael-particle-no\" data-id=\"da18dc5\" data-element_type=\"column\" data-e-type=\"column\">\n\t\t\t<div class=\"elementor-widget-wrap elementor-element-populated\">\n\t\t\t\t\t\t<div class=\"elementor-element elementor-element-8bb2cfa elementor-widget elementor-widget-image\" data-id=\"8bb2cfa\" data-element_type=\"widget\" data-e-type=\"widget\" data-widget_type=\"image.default\">\n\t\t\t\t<div class=\"elementor-widget-container\">\n\t\t\t\t\t\t\t\t\t\t\t\t\t\t\t<img fetchpriority=\"high\" decoding=\"async\" width=\"582\" height=\"440\" src=\"https:\/\/www.svial.ch\/wp-content\/uploads\/2022\/11\/221129_foto1_weltackerbern.png\" class=\"attachment-large size-large wp-image-6083\" alt=\"\" srcset=\"https:\/\/www.svial.ch\/wp-content\/uploads\/2022\/11\/221129_foto1_weltackerbern.png 582w, https:\/\/www.svial.ch\/wp-content\/uploads\/2022\/11\/221129_foto1_weltackerbern-300x227.png 300w\" sizes=\"(max-width: 582px) 100vw, 582px\" \/>\t\t\t\t\t\t\t\t\t\t\t\t\t\t\t<\/div>\n\t\t\t\t<\/div>\n\t\t\t\t\t<\/div>\n\t\t<\/div>\n\t\t\t\t<div class=\"elementor-column elementor-col-50 elementor-inner-column elementor-element elementor-element-e061814 rael-particle-no\" data-id=\"e061814\" data-element_type=\"column\" data-e-type=\"column\">\n\t\t\t<div class=\"elementor-widget-wrap elementor-element-populated\">\n\t\t\t\t\t\t<div class=\"elementor-element elementor-element-9acd135 elementor-widget elementor-widget-image\" data-id=\"9acd135\" data-element_type=\"widget\" data-e-type=\"widget\" data-widget_type=\"image.default\">\n\t\t\t\t<div class=\"elementor-widget-container\">\n\t\t\t\t\t\t\t\t\t\t\t\t\t\t\t<img decoding=\"async\" width=\"582\" height=\"440\" src=\"https:\/\/www.svial.ch\/wp-content\/uploads\/2022\/11\/221129_foto2_weltackerbern.png\" class=\"attachment-large size-large wp-image-6085\" alt=\"\" srcset=\"https:\/\/www.svial.ch\/wp-content\/uploads\/2022\/11\/221129_foto2_weltackerbern.png 582w, https:\/\/www.svial.ch\/wp-content\/uploads\/2022\/11\/221129_foto2_weltackerbern-300x227.png 300w\" sizes=\"(max-width: 582px) 100vw, 582px\" \/>\t\t\t\t\t\t\t\t\t\t\t\t\t\t\t<\/div>\n\t\t\t\t<\/div>\n\t\t\t\t\t<\/div>\n\t\t<\/div>\n\t\t\t\t\t<\/div>\n\t\t<\/section>\n\t\t\t\t<div class=\"elementor-element elementor-element-26442f5f elementor-widget elementor-widget-heading\" data-id=\"26442f5f\" data-element_type=\"widget\" data-e-type=\"widget\" data-widget_type=\"heading.default\">\n\t\t\t\t<div class=\"elementor-widget-container\">\n\t\t\t\t\t<h2 class=\"elementor-heading-title elementor-size-default\">Le champ avant le repos hivernal<\/h2>\t\t\t\t<\/div>\n\t\t\t\t<\/div>\n\t\t\t\t<div class=\"elementor-element elementor-element-7506d486 elementor-widget elementor-widget-text-editor\" data-id=\"7506d486\" data-element_type=\"widget\" data-e-type=\"widget\" data-widget_type=\"text-editor.default\">\n\t\t\t\t<div class=\"elementor-widget-container\">\n\t\t\t\t\t\t\t\t\t<p>L&rsquo;une des stars parmi les cultures \u00e9tait la cacahu\u00e8te. Ses petites feuilles penn\u00e9es rappellent le tr\u00e8fle et ont \u00e9veill\u00e9 la curiosit\u00e9 des visiteurs. Beaucoup ont \u00e9galement \u00e9t\u00e9 \u00e9tonn\u00e9s de voir que les cacahu\u00e8tes pouvaient pousser sous nos latitudes.<span class=\"Apple-converted-space\"> <\/span><\/p>\n<p>D&rsquo;un point de vue botanique, le fruit de l&rsquo;arachide est une l\u00e9gumineuse qui appartient \u00e0 la m\u00eame sous-famille que les pois et les esp\u00e8ces de haricots. Au cours de l&rsquo;\u00e9volution, elle s&rsquo;est toutefois transform\u00e9e en noix. La ressemblance avec les noix botaniques est due \u00e0 la nature des graines : leur consistance, leur teneur \u00e9lev\u00e9e en mati\u00e8res grasses et leur teneur relativement faible en amidon. En revanche, la proportion d&rsquo;acides gras om\u00e9ga-3 est faible par rapport aux vraies noix.<span class=\"Apple-converted-space\"> <\/span><\/p>\n\t\t\t\t\t\t\t\t<\/div>\n\t\t\t\t<\/div>\n\t\t\t\t<section class=\"elementor-section elementor-inner-section elementor-element elementor-element-ef2b4f9 elementor-section-boxed elementor-section-height-default elementor-section-height-default rael-particle-no\" data-id=\"ef2b4f9\" data-element_type=\"section\" data-e-type=\"section\" data-settings=\"{&quot;rae_animations_entrance&quot;:&quot;none&quot;}\">\n\t\t\t\t\t\t<div class=\"elementor-container elementor-column-gap-default\">\n\t\t\t\t\t<div class=\"elementor-column elementor-col-50 elementor-inner-column elementor-element elementor-element-be482df rael-particle-no\" data-id=\"be482df\" data-element_type=\"column\" data-e-type=\"column\">\n\t\t\t<div class=\"elementor-widget-wrap elementor-element-populated\">\n\t\t\t\t\t\t<div class=\"elementor-element elementor-element-f8c6792 elementor-widget elementor-widget-image\" data-id=\"f8c6792\" data-element_type=\"widget\" data-e-type=\"widget\" data-widget_type=\"image.default\">\n\t\t\t\t<div class=\"elementor-widget-container\">\n\t\t\t\t\t\t\t\t\t\t\t\t\t\t\t<img decoding=\"async\" width=\"582\" height=\"440\" src=\"https:\/\/www.svial.ch\/wp-content\/uploads\/2022\/11\/221129_foto3_weltackerbern.png\" class=\"attachment-large size-large wp-image-6087\" alt=\"\" srcset=\"https:\/\/www.svial.ch\/wp-content\/uploads\/2022\/11\/221129_foto3_weltackerbern.png 582w, https:\/\/www.svial.ch\/wp-content\/uploads\/2022\/11\/221129_foto3_weltackerbern-300x227.png 300w\" sizes=\"(max-width: 582px) 100vw, 582px\" \/>\t\t\t\t\t\t\t\t\t\t\t\t\t\t\t<\/div>\n\t\t\t\t<\/div>\n\t\t\t\t\t<\/div>\n\t\t<\/div>\n\t\t\t\t<div class=\"elementor-column elementor-col-50 elementor-inner-column elementor-element elementor-element-355b72e rael-particle-no\" data-id=\"355b72e\" data-element_type=\"column\" data-e-type=\"column\">\n\t\t\t<div class=\"elementor-widget-wrap elementor-element-populated\">\n\t\t\t\t\t\t<div class=\"elementor-element elementor-element-c94d99f elementor-widget elementor-widget-image\" data-id=\"c94d99f\" data-element_type=\"widget\" data-e-type=\"widget\" data-widget_type=\"image.default\">\n\t\t\t\t<div class=\"elementor-widget-container\">\n\t\t\t\t\t\t\t\t\t\t\t\t\t\t\t<img loading=\"lazy\" decoding=\"async\" width=\"582\" height=\"440\" src=\"https:\/\/www.svial.ch\/wp-content\/uploads\/2022\/11\/221129_foto4_weltackerbern.png\" class=\"attachment-large size-large wp-image-6089\" alt=\"\" srcset=\"https:\/\/www.svial.ch\/wp-content\/uploads\/2022\/11\/221129_foto4_weltackerbern.png 582w, https:\/\/www.svial.ch\/wp-content\/uploads\/2022\/11\/221129_foto4_weltackerbern-300x227.png 300w\" sizes=\"(max-width: 582px) 100vw, 582px\" \/>\t\t\t\t\t\t\t\t\t\t\t\t\t\t\t<\/div>\n\t\t\t\t<\/div>\n\t\t\t\t\t<\/div>\n\t\t<\/div>\n\t\t\t\t\t<\/div>\n\t\t<\/section>\n\t\t\t\t<div class=\"elementor-element elementor-element-30bfbef6 elementor-widget elementor-widget-heading\" data-id=\"30bfbef6\" data-element_type=\"widget\" data-e-type=\"widget\" data-widget_type=\"heading.default\">\n\t\t\t\t<div class=\"elementor-widget-container\">\n\t\t\t\t\t<h2 class=\"elementor-heading-title elementor-size-default\">Le Terrain mondial de Berne \u00e0 la BEA 2023<\/h2>\t\t\t\t<\/div>\n\t\t\t\t<\/div>\n\t\t\t\t<div class=\"elementor-element elementor-element-7cae8f7 elementor-widget elementor-widget-text-editor\" data-id=\"7cae8f7\" data-element_type=\"widget\" data-e-type=\"widget\" data-widget_type=\"text-editor.default\">\n\t\t\t\t<div class=\"elementor-widget-container\">\n\t\t\t\t\t\t\t\t\t<p>Pour la BEA 2023, l&rsquo;OGG pr\u00e9voit d&rsquo;amener les th\u00e8mes cl\u00e9s de l&rsquo;Aire mondiale au Centre vert. Les visiteurs doivent d\u00e9couvrir de mani\u00e8re ludique la surface utilis\u00e9e par les diff\u00e9rents repas ou le caf\u00e9 au petit d\u00e9jeuner. Laissez-vous surprendre et r\u00e9servez d\u00e8s aujourd&rsquo;hui la p\u00e9riode du 28 avril au 7 mai pour visiter le stand de l&rsquo;OGG au Centre vert ou inscrivez-vous pour tenir le stand pendant une ou plusieurs demi-journ\u00e9es aupr\u00e8s de Johanna Bergmann <a href=\"mailto:mail@weltacker-bern.ch\">mail@weltacker-bern.ch.<\/a><span class=\"Apple-converted-space\"> <\/span><\/p>\n<p>Pour rappel, l&rsquo;OGG a initi\u00e9 le Weltacker Bern et l&rsquo;\u00e9quipe du Weltacker fait partie de l&rsquo;\u00e9quipe de l&rsquo;OGG. Avec une adh\u00e9sion <span style=\"text-decoration: underline;\"><br \/>\n  <a href=\"https:\/\/www.ogg.ch\/de\/werden-sie-mitglied\" target=\"_blank\" rel=\"noopener\">Adh\u00e9sion \u00e0 l&rsquo;OGG<\/a><br \/>\n<\/span> vous soutenez le <span style=\"text-decoration: underline;\"><br \/>\n  <a href=\"https:\/\/weltacker-bern.ch\" target=\"_blank\" rel=\"noopener\">Weltacker-Bern<\/a><br \/>\n<\/span> doublement.<span class=\"Apple-converted-space\"> <\/span><\/p>\n<p>Nous vous remercions tous pour votre soutien au cours de la saison 2022 et nous nous r\u00e9jouissons d\u00e9j\u00e0 d&rsquo;accueillir un grand nombre d&rsquo;entre vous \u00e0 l&rsquo;assembl\u00e9e g\u00e9n\u00e9rale 2023 au Gr\u00fctti et de lancer la troisi\u00e8me saison du Weltacker.<span class=\"Apple-converted-space\"> <\/span><\/p>\n<p>Nous vous saluons cordialement<span class=\"Apple-converted-space\"> <br \/><\/span>\u00c9quipe Weltacker Berne Johanna, Hans, Martin et Rahel<span class=\"Apple-converted-space\"> <\/span><\/p>\n\t\t\t\t\t\t\t\t<\/div>\n\t\t\t\t<\/div>\n\t\t\t\t<div class=\"elementor-element elementor-element-7973b53 elementor-align-center animated-slow elementor-widget elementor-widget-button\" data-id=\"7973b53\" data-element_type=\"widget\" data-e-type=\"widget\" data-settings=\"{&quot;_animation&quot;:&quot;none&quot;,&quot;_animation_delay&quot;:200}\" data-widget_type=\"button.default\">\n\t\t\t\t<div class=\"elementor-widget-container\">\n\t\t\t\t\t\t\t\t\t<div class=\"elementor-button-wrapper\">\n\t\t\t\t\t<a class=\"elementor-button elementor-button-link elementor-size-sm\" href=\"https:\/\/www.svial.ch\/fr\/notre-reseau\/#netzwerknews\">\n\t\t\t\t\t\t<span class=\"elementor-button-content-wrapper\">\n\t\t\t\t\t\t<span class=\"elementor-button-icon\">\n\t\t\t\t\t\t\t<\/span>\n\t\t\t\t\t\t\t\t\t<span class=\"elementor-button-text\">Notre r\u00e9seau - Actualit\u00e9s de notre r\u00e9seau<\/span>\n\t\t\t\t\t<\/span>\n\t\t\t\t\t<\/a>\n\t\t\t\t<\/div>\n\t\t\t\t\t\t\t\t<\/div>\n\t\t\t\t<\/div>\n\t\t\t\t\t<\/div>\n\t\t<\/div>\n\t\t\t\t\t<\/div>\n\t\t<\/section>\n\t\t\t\t<\/div>\n\t\t","protected":false},"excerpt":{"rendered":"<p>En accord avec la devise de l&rsquo;ann\u00e9e \u00ab\u00a0Plus de haricots dans les champs et dans l&rsquo;assiette\u00a0\u00bb, la f\u00eate des r\u00e9coltes a permis de montrer ce qui est important lorsqu&rsquo;on pr\u00e9pare de l&rsquo;houmous \u00e0 partir de pois chiches ou d&rsquo;autres l\u00e9gumineuses. Vous d\u00e9couvrirez dans cet article ce qui s&rsquo;est \u00e9galement pass\u00e9 sur le terrain mondial de Berne en 2022.<\/p>\n","protected":false},"author":1,"featured_media":6079,"comment_status":"closed","ping_status":"open","sticky":false,"template":"elementor_header_footer","format":"gallery","meta":{"ocean_post_layout":"full-screen","ocean_both_sidebars_style":"","ocean_both_sidebars_content_width":0,"ocean_both_sidebars_sidebars_width":0,"ocean_sidebar":"0","ocean_second_sidebar":"0","ocean_disable_margins":"enable","ocean_add_body_class":"","ocean_shortcode_before_top_bar":"","ocean_shortcode_after_top_bar":"","ocean_shortcode_before_header":"","ocean_shortcode_after_header":"","ocean_has_shortcode":"","ocean_shortcode_after_title":"","ocean_shortcode_before_footer_widgets":"","ocean_shortcode_after_footer_widgets":"","ocean_shortcode_before_footer_bottom":"","ocean_shortcode_after_footer_bottom":"","ocean_display_top_bar":"off","ocean_display_header":"default","ocean_header_style":"","ocean_center_header_left_menu":"0","ocean_custom_header_template":"0","ocean_custom_logo":0,"ocean_custom_retina_logo":0,"ocean_custom_logo_max_width":0,"ocean_custom_logo_tablet_max_width":0,"ocean_custom_logo_mobile_max_width":0,"ocean_custom_logo_max_height":0,"ocean_custom_logo_tablet_max_height":0,"ocean_custom_logo_mobile_max_height":0,"ocean_header_custom_menu":"0","ocean_menu_typo_font_family":"0","ocean_menu_typo_font_subset":"","ocean_menu_typo_font_size":0,"ocean_menu_typo_font_size_tablet":0,"ocean_menu_typo_font_size_mobile":0,"ocean_menu_typo_font_size_unit":"px","ocean_menu_typo_font_weight":"","ocean_menu_typo_font_weight_tablet":"","ocean_menu_typo_font_weight_mobile":"","ocean_menu_typo_transform":"","ocean_menu_typo_transform_tablet":"","ocean_menu_typo_transform_mobile":"","ocean_menu_typo_line_height":0,"ocean_menu_typo_line_height_tablet":0,"ocean_menu_typo_line_height_mobile":0,"ocean_menu_typo_line_height_unit":"","ocean_menu_typo_spacing":0,"ocean_menu_typo_spacing_tablet":0,"ocean_menu_typo_spacing_mobile":0,"ocean_menu_typo_spacing_unit":"","ocean_menu_link_color":"","ocean_menu_link_color_hover":"","ocean_menu_link_color_active":"","ocean_menu_link_background":"","ocean_menu_link_hover_background":"","ocean_menu_link_active_background":"","ocean_menu_social_links_bg":"","ocean_menu_social_hover_links_bg":"","ocean_menu_social_links_color":"","ocean_menu_social_hover_links_color":"","ocean_disable_title":"on","ocean_disable_heading":"default","ocean_post_title":"","ocean_post_subheading":"","ocean_post_title_style":"","ocean_post_title_background_color":"","ocean_post_title_background":0,"ocean_post_title_bg_image_position":"","ocean_post_title_bg_image_attachment":"","ocean_post_title_bg_image_repeat":"","ocean_post_title_bg_image_size":"","ocean_post_title_height":0,"ocean_post_title_bg_overlay":0.5,"ocean_post_title_bg_overlay_color":"","ocean_disable_breadcrumbs":"default","ocean_breadcrumbs_color":"","ocean_breadcrumbs_separator_color":"","ocean_breadcrumbs_links_color":"","ocean_breadcrumbs_links_hover_color":"","ocean_display_footer_widgets":"off","ocean_display_footer_bottom":"off","ocean_custom_footer_template":"0","iawp_total_views":13,"ocean_post_oembed":"","ocean_post_self_hosted_media":"","ocean_post_video_embed":"","ocean_link_format":"","ocean_link_format_target":"self","ocean_quote_format":"","ocean_quote_format_link":"post","ocean_gallery_link_images":"on","ocean_gallery_id":[],"footnotes":""},"categories":[40],"tags":[],"class_list":["post-6189","post","type-post","status-publish","format-gallery","has-post-thumbnail","hentry","category-actualites-de-notre-reseau","post_format-post-format-gallery","entry","has-media"],"_links":{"self":[{"href":"https:\/\/www.svial.ch\/fr\/wp-json\/wp\/v2\/posts\/6189","targetHints":{"allow":["GET"]}}],"collection":[{"href":"https:\/\/www.svial.ch\/fr\/wp-json\/wp\/v2\/posts"}],"about":[{"href":"https:\/\/www.svial.ch\/fr\/wp-json\/wp\/v2\/types\/post"}],"author":[{"embeddable":true,"href":"https:\/\/www.svial.ch\/fr\/wp-json\/wp\/v2\/users\/1"}],"replies":[{"embeddable":true,"href":"https:\/\/www.svial.ch\/fr\/wp-json\/wp\/v2\/comments?post=6189"}],"version-history":[{"count":8,"href":"https:\/\/www.svial.ch\/fr\/wp-json\/wp\/v2\/posts\/6189\/revisions"}],"predecessor-version":[{"id":8049,"href":"https:\/\/www.svial.ch\/fr\/wp-json\/wp\/v2\/posts\/6189\/revisions\/8049"}],"wp:featuredmedia":[{"embeddable":true,"href":"https:\/\/www.svial.ch\/fr\/wp-json\/wp\/v2\/media\/6079"}],"wp:attachment":[{"href":"https:\/\/www.svial.ch\/fr\/wp-json\/wp\/v2\/media?parent=6189"}],"wp:term":[{"taxonomy":"category","embeddable":true,"href":"https:\/\/www.svial.ch\/fr\/wp-json\/wp\/v2\/categories?post=6189"},{"taxonomy":"post_tag","embeddable":true,"href":"https:\/\/www.svial.ch\/fr\/wp-json\/wp\/v2\/tags?post=6189"}],"curies":[{"name":"wp","href":"https:\/\/api.w.org\/{rel}","templated":true}]}}