{"id":6242,"date":"2021-06-17T09:00:00","date_gmt":"2021-06-17T09:00:00","guid":{"rendered":"https:\/\/www.svial.ch\/nicole-karmann-une-carriere-variee-a-migros\/"},"modified":"2023-01-16T10:24:47","modified_gmt":"2023-01-16T10:24:47","slug":"nicole-karmann-une-carriere-variee-a-migros","status":"publish","type":"post","link":"https:\/\/www.svial.ch\/fr\/nicole-karmann-une-carriere-variee-a-migros\/","title":{"rendered":"Nicole Karmann &#8211; Une carri\u00e8re vari\u00e9e \u00e0 Migros"},"content":{"rendered":"\t\t<div data-elementor-type=\"wp-post\" data-elementor-id=\"6242\" class=\"elementor elementor-6242 elementor-4662\" data-elementor-post-type=\"post\">\n\t\t\t\t\t\t<section class=\"elementor-section elementor-top-section elementor-element elementor-element-6c3bf661 elementor-section-full_width elementor-section-height-default elementor-section-height-default rael-particle-no\" data-id=\"6c3bf661\" data-element_type=\"section\" data-e-type=\"section\" data-settings=\"{&quot;background_background&quot;:&quot;classic&quot;,&quot;rae_animations_entrance&quot;:&quot;none&quot;}\">\n\t\t\t\t\t\t<div class=\"elementor-container elementor-column-gap-default\">\n\t\t\t\t\t<div class=\"elementor-column elementor-col-100 elementor-top-column elementor-element elementor-element-35b3b79f rael-particle-no\" data-id=\"35b3b79f\" data-element_type=\"column\" data-e-type=\"column\">\n\t\t\t<div class=\"elementor-widget-wrap elementor-element-populated\">\n\t\t\t\t\t\t<div class=\"elementor-element elementor-element-726e23c elementor-widget elementor-widget-image\" data-id=\"726e23c\" data-element_type=\"widget\" data-e-type=\"widget\" data-widget_type=\"image.default\">\n\t\t\t\t<div class=\"elementor-widget-container\">\n\t\t\t\t\t\t\t\t\t\t\t\t\t\t\t<img decoding=\"async\" src=\"https:\/\/www.svial.ch\/wp-content\/uploads\/2022\/11\/210617_banner_nicolekarmann.png\" title=\"210617_banner_nicolekarmann\" alt=\"210617_banner_nicolekarmann\" loading=\"lazy\" \/>\t\t\t\t\t\t\t\t\t\t\t\t\t\t\t<\/div>\n\t\t\t\t<\/div>\n\t\t\t\t\t<\/div>\n\t\t<\/div>\n\t\t\t\t\t<\/div>\n\t\t<\/section>\n\t\t\t\t<section class=\"elementor-section elementor-top-section elementor-element elementor-element-17af952a elementor-section-boxed elementor-section-height-default elementor-section-height-default rael-particle-no\" data-id=\"17af952a\" data-element_type=\"section\" data-e-type=\"section\" data-settings=\"{&quot;background_background&quot;:&quot;classic&quot;,&quot;rae_animations_entrance&quot;:&quot;none&quot;}\">\n\t\t\t\t\t\t<div class=\"elementor-container elementor-column-gap-default\">\n\t\t\t\t\t<div class=\"elementor-column elementor-col-100 elementor-top-column elementor-element elementor-element-6183ff83 rael-particle-no\" data-id=\"6183ff83\" data-element_type=\"column\" data-e-type=\"column\" data-settings=\"{&quot;background_background&quot;:&quot;classic&quot;}\">\n\t\t\t<div class=\"elementor-widget-wrap elementor-element-populated\">\n\t\t\t\t\t\t<div class=\"elementor-element elementor-element-2e8aca9d elementor-author-box--layout-image-above elementor-author-box--align-center elementor-widget elementor-widget-author-box\" data-id=\"2e8aca9d\" data-element_type=\"widget\" data-e-type=\"widget\" data-widget_type=\"author-box.default\">\n\t\t\t\t<div class=\"elementor-widget-container\">\n\t\t\t\t\t\t\t<div class=\"elementor-author-box\">\n\t\t\t\t\t\t\t<div  class=\"elementor-author-box__avatar\">\n\t\t\t\t\t<img decoding=\"async\" src=\"https:\/\/www.svial.ch\/wp-content\/uploads\/2022\/11\/210617_kachel_nicolekarmann-300x227.png\" alt=\"Auteur\/autrice de l\u2019image\" loading=\"lazy\">\n\t\t\t\t<\/div>\n\t\t\t\n\t\t\t<div class=\"elementor-author-box__text\">\n\t\t\t\t\n\t\t\t\t\n\t\t\t\t\t\t\t<\/div>\n\t\t<\/div>\n\t\t\t\t\t\t<\/div>\n\t\t\t\t<\/div>\n\t\t\t\t<div class=\"elementor-element elementor-element-6e30f0f8 elementor-widget elementor-widget-heading\" data-id=\"6e30f0f8\" data-element_type=\"widget\" data-e-type=\"widget\" data-widget_type=\"heading.default\">\n\t\t\t\t<div class=\"elementor-widget-container\">\n\t\t\t\t\t<h2 class=\"elementor-heading-title elementor-size-default\">Nicole Karmann<\/h2>\t\t\t\t<\/div>\n\t\t\t\t<\/div>\n\t\t\t\t<div class=\"elementor-element elementor-element-23999b61 elementor-widget elementor-widget-heading\" data-id=\"23999b61\" data-element_type=\"widget\" data-e-type=\"widget\" data-widget_type=\"heading.default\">\n\t\t\t\t<div class=\"elementor-widget-container\">\n\t\t\t\t\t<h2 class=\"elementor-heading-title elementor-size-default\">Une carri\u00e8re vari\u00e9e chez Migros<\/h2>\t\t\t\t<\/div>\n\t\t\t\t<\/div>\n\t\t\t\t<div class=\"elementor-element elementor-element-3fbf6388 elementor-widget elementor-widget-text-editor\" data-id=\"3fbf6388\" data-element_type=\"widget\" data-e-type=\"widget\" data-widget_type=\"text-editor.default\">\n\t\t\t\t<div class=\"elementor-widget-container\">\n\t\t\t\t\t\t\t\t\t<p><span class=\"UntertitelSchwarz\">Apr\u00e8s avoir obtenu avec succ\u00e8s son dipl\u00f4me \u00e0 l&rsquo;ETH, Nicole Karmann, membre du comit\u00e9 directeur de l&rsquo;ASIAT, est entr\u00e9e chez Migros. Elle y a acquis une exp\u00e9rience int\u00e9ressante dans diff\u00e9rentes entreprises et fonctions. Aujourd&rsquo;hui, elle s&rsquo;occupe des d\u00e9fis de la num\u00e9risation de l&rsquo;industrie Migros.<\/span><\/p>\n<p>Nicole Karmann a commenc\u00e9 ses \u00e9tudes en sciences alimentaires \u00e0 l&rsquo;EPF de Zurich en ao\u00fbt 2006. Apr\u00e8s un semestre d&rsquo;\u00e9change \u00e0 l&rsquo;universit\u00e9 de Wageningen (NL) et un m\u00e9moire de master en biotechnologie alimentaire, elle a termin\u00e9 avec succ\u00e8s ses \u00e9tudes de master au printemps 2012. Elle a fait ses d\u00e9buts dans la vie professionnelle en suivant le programme de stagiaires de l&rsquo;industrie Migros. Elle a ainsi r\u00e9ussi \u00e0 se faire une id\u00e9e approfondie de trois entreprises diff\u00e9rentes et de plusieurs secteurs d&rsquo;activit\u00e9 en peu de temps. Elle a ensuite travaill\u00e9 pendant six ans chez Jowa, une filiale de Migros, o\u00f9 elle a d&rsquo;abord \u00e9t\u00e9 chef de projet dans la gestion des produits, accompagnant les innovations de l&rsquo;id\u00e9e jusqu&rsquo;\u00e0 la mise sur le march\u00e9, avant de promouvoir la mise en place de la gestion des processus dans le d\u00e9veloppement de l&rsquo;entreprise.<\/p>\n\t\t\t\t\t\t\t\t<\/div>\n\t\t\t\t<\/div>\n\t\t\t\t<div class=\"elementor-element elementor-element-77afdbe elementor-widget elementor-widget-heading\" data-id=\"77afdbe\" data-element_type=\"widget\" data-e-type=\"widget\" data-widget_type=\"heading.default\">\n\t\t\t\t<div class=\"elementor-widget-container\">\n\t\t\t\t\t<h2 class=\"elementor-heading-title elementor-size-default\">L'industrie alimentaire \u00e0 l'\u00e8re du num\u00e9rique<\/h2>\t\t\t\t<\/div>\n\t\t\t\t<\/div>\n\t\t\t\t<div class=\"elementor-element elementor-element-32982ef elementor-widget elementor-widget-text-editor\" data-id=\"32982ef\" data-element_type=\"widget\" data-e-type=\"widget\" data-widget_type=\"text-editor.default\">\n\t\t\t\t<div class=\"elementor-widget-container\">\n\t\t\t\t\t\t\t\t\t<p>Actuellement, elle est employ\u00e9e en tant que chef de projet partiel et product owner dans la gestion de portefeuille de projets \u00e0 l&rsquo;industrie Migros. Dans ce cadre, elle s&rsquo;engage sur tous les sites pour la num\u00e9risation et l&rsquo;harmonisation des processus dans la recherche et le d\u00e9veloppement. Le d\u00e9fi de r\u00e9unir et d&rsquo;accompagner les entreprises de production si diff\u00e9rentes sur la voie de la num\u00e9risation passionne particuli\u00e8rement Nicole dans ce travail. Le fait que de nombreux services sp\u00e9cialis\u00e9s soient impliqu\u00e9s tout au long du cycle de vie d&rsquo;un produit &#8211; de l&rsquo;id\u00e9e, au d\u00e9veloppement, en passant par la modification, jusqu&rsquo;au d\u00e9r\u00e9f\u00e9rencement &#8211; rend les relations complexes, mais aussi tr\u00e8s passionnantes.<\/p>\n\t\t\t\t\t\t\t\t<\/div>\n\t\t\t\t<\/div>\n\t\t\t\t<div class=\"elementor-element elementor-element-329aaa69 elementor-widget elementor-widget-heading\" data-id=\"329aaa69\" data-element_type=\"widget\" data-e-type=\"widget\" data-widget_type=\"heading.default\">\n\t\t\t\t<div class=\"elementor-widget-container\">\n\t\t\t\t\t<h2 class=\"elementor-heading-title elementor-size-default\">L'enthousiasme pour l'alimentation va au-del\u00e0 de la profession<\/h2>\t\t\t\t<\/div>\n\t\t\t\t<\/div>\n\t\t\t\t<div class=\"elementor-element elementor-element-6d827eeb elementor-widget elementor-widget-text-editor\" data-id=\"6d827eeb\" data-element_type=\"widget\" data-e-type=\"widget\" data-widget_type=\"text-editor.default\">\n\t\t\t\t<div class=\"elementor-widget-container\">\n\t\t\t\t\t\t\t\t\t<p>M\u00eame si aujourd&rsquo;hui elle ne travaille plus aussi pr\u00e8s du produit, elle reste fascin\u00e9e par tout ce qui est n\u00e9cessaire \u00e0 la fabrication d&rsquo;un aliment jusqu&rsquo;\u00e0 sa consommation. C&rsquo;est finalement la raison pour laquelle elle a d\u00e9cid\u00e9 \u00e0 l&rsquo;\u00e9poque d&rsquo;\u00e9tudier les sciences alimentaires. Leur int\u00e9r\u00eat pour tout ce que la nature a \u00e0 offrir en mati\u00e8re d&rsquo;alimentation est toujours tr\u00e8s grand. Cette m\u00e8re de deux gar\u00e7ons (2,5 et 5 ans) aime parcourir les march\u00e9s ou s&rsquo;approvisionner \u00e0 la ferme bio, pour ensuite exp\u00e9rimenter dans sa propre cuisine. Elle partage la garde de ses deux enfants avec son mari et, gr\u00e2ce au soutien suppl\u00e9mentaire des grands-parents et de la cr\u00e8che, elle parvient \u00e0 continuer \u00e0 exercer une activit\u00e9 professionnelle passionnante. Depuis 2015, Nicole Karmann est membre du comit\u00e9 directeur de l&rsquo;ASIAT. Elle nous raconte dans cette interview ce qui l&rsquo;a motiv\u00e9e et ce qu&rsquo;elle souhaite que l&rsquo;association fasse \u00e0 l&rsquo;avenir.<\/p>\n\t\t\t\t\t\t\t\t<\/div>\n\t\t\t\t<\/div>\n\t\t\t\t<div class=\"elementor-element elementor-element-cdaf37e elementor-widget elementor-widget-heading\" data-id=\"cdaf37e\" data-element_type=\"widget\" data-e-type=\"widget\" data-widget_type=\"heading.default\">\n\t\t\t\t<div class=\"elementor-widget-container\">\n\t\t\t\t\t<h2 class=\"elementor-heading-title elementor-size-default\">Nicole, tu es membre du comit\u00e9 de l'ASIAT depuis 2015. Qu'est-ce qui t'a incit\u00e9 \u00e0 t'engager dans ce r\u00e9seau ?<\/h2>\t\t\t\t<\/div>\n\t\t\t\t<\/div>\n\t\t\t\t<div class=\"elementor-element elementor-element-27c5b99 elementor-widget elementor-widget-text-editor\" data-id=\"27c5b99\" data-element_type=\"widget\" data-e-type=\"widget\" data-widget_type=\"text-editor.default\">\n\t\t\t\t<div class=\"elementor-widget-container\">\n\t\t\t\t\t\t\t\t\t<p>Pour \u00eatre honn\u00eate, je n&rsquo;\u00e9tais pas tr\u00e8s actif au sein de l&rsquo;association jusqu&rsquo;\u00e0 ce qu&rsquo;on me demande de m&rsquo;engager dans le comit\u00e9 directeur. Je gardais un excellent souvenir du s\u00e9minaire de candidature et des conf\u00e9rences sur les m\u00e9tiers organis\u00e9s par l&rsquo;ASIAT pour les \u00e9tudiants et je participais sporadiquement \u00e0 une manifestation. L&rsquo;association souhaitait se rajeunir, avoir plus de femmes au sein de son conseil d&rsquo;administration et faire plus pour d\u00e9fendre les int\u00e9r\u00eats des dipl\u00f4m\u00e9s en sciences alimentaires. J&rsquo;ai trouv\u00e9 que ce projet m\u00e9ritait d&rsquo;\u00eatre soutenu. J&rsquo;y ai vu une opportunit\u00e9 de participer \u00e0 l&rsquo;\u00e9laboration du programme de l&rsquo;ASIAT et d&rsquo;accompagner l&rsquo;association dans sa transformation.<\/p>\n\t\t\t\t\t\t\t\t<\/div>\n\t\t\t\t<\/div>\n\t\t\t\t<div class=\"elementor-element elementor-element-26442f5f elementor-widget elementor-widget-heading\" data-id=\"26442f5f\" data-element_type=\"widget\" data-e-type=\"widget\" data-widget_type=\"heading.default\">\n\t\t\t\t<div class=\"elementor-widget-container\">\n\t\t\t\t\t<h2 class=\"elementor-heading-title elementor-size-default\">Quelle peut \u00eatre la contribution de l'ASIAT au d\u00e9veloppement du secteur agroalimentaire ?<\/h2>\t\t\t\t<\/div>\n\t\t\t\t<\/div>\n\t\t\t\t<div class=\"elementor-element elementor-element-7506d486 elementor-widget elementor-widget-text-editor\" data-id=\"7506d486\" data-element_type=\"widget\" data-e-type=\"widget\" data-widget_type=\"text-editor.default\">\n\t\t\t\t<div class=\"elementor-widget-container\">\n\t\t\t\t\t\t\t\t\t<p>L&rsquo;ASIAT peut promouvoir le dialogue au sein du secteur agroalimentaire et offrir une plate-forme suppl\u00e9mentaire pour que les personnes issues des diff\u00e9rents secteurs se parlent et favorisent ainsi la compr\u00e9hension mutuelle. C&rsquo;est pr\u00e9cis\u00e9ment ce dialogue qui doit avoir lieu aujourd&rsquo;hui entre les diff\u00e9rents secteurs afin de trouver des solutions nouvelles et durables \u00e0 nos probl\u00e8mes. L&rsquo;\u00e9conomie circulaire est ici un bon mot d&rsquo;ordre. L&rsquo;ASIAT r\u00e9unit des professionnels allant de l&rsquo;agriculture \u00e0 l&rsquo;industrie manufacturi\u00e8re. Cela permet \u00e0 chacun d&rsquo;\u00e9largir son horizon personnel et d&rsquo;avoir un aper\u00e7u des domaines de l&rsquo;industrie alimentaire qui lui sont cach\u00e9s dans son travail quotidien.<\/p>\n\t\t\t\t\t\t\t\t<\/div>\n\t\t\t\t<\/div>\n\t\t\t\t<div class=\"elementor-element elementor-element-12d1186 elementor-widget elementor-widget-heading\" data-id=\"12d1186\" data-element_type=\"widget\" data-e-type=\"widget\" data-widget_type=\"heading.default\">\n\t\t\t\t<div class=\"elementor-widget-container\">\n\t\t\t\t\t<h2 class=\"elementor-heading-title elementor-size-default\">Que souhaites-tu que le ASIAT fasse ?<\/h2>\t\t\t\t<\/div>\n\t\t\t\t<\/div>\n\t\t\t\t<div class=\"elementor-element elementor-element-edf5d1d elementor-widget elementor-widget-text-editor\" data-id=\"edf5d1d\" data-element_type=\"widget\" data-e-type=\"widget\" data-widget_type=\"text-editor.default\">\n\t\t\t\t<div class=\"elementor-widget-container\">\n\t\t\t\t\t\t\t\t\t<p>Je souhaite que le dialogue interprofessionnel continue d&rsquo;\u00eatre sciemment encourag\u00e9 \u00e0 l&rsquo;avenir et que les jeunes professionnels, en particulier, soient soutenus dans la construction de leur r\u00e9seau. L&rsquo;ASIAT est sur la bonne voie \u00e0 cet \u00e9gard, notamment en ce qui concerne son engagement pour les dipl\u00f4m\u00e9s des hautes \u00e9coles. Des activit\u00e9s encore plus cibl\u00e9es pour les jeunes qui ont d\u00e9j\u00e0 quelques ann\u00e9es d&rsquo;exp\u00e9rience professionnelle et qui sont peut-\u00eatre sur le point de changer de travail ou de se r\u00e9orienter seraient \u00e9galement tr\u00e8s pr\u00e9cieuses. Je suis s\u00fbr qu&rsquo;en tant qu&rsquo;association professionnelle, nous pouvons apporter notre soutien dans ce domaine. Je trouve toujours passionnantes les excursions dans des entreprises connues ou dans de nouvelles entreprises innovantes, ainsi qu&rsquo;un coup d&rsquo;\u0153il dans les coulisses &#8211; nous devons en tout cas maintenir cette pratique.<\/p>\n\t\t\t\t\t\t\t\t<\/div>\n\t\t\t\t<\/div>\n\t\t\t\t<div class=\"elementor-element elementor-element-fc9dbab elementor-align-center animated-slow elementor-widget elementor-widget-button\" data-id=\"fc9dbab\" data-element_type=\"widget\" data-e-type=\"widget\" data-settings=\"{&quot;_animation&quot;:&quot;none&quot;,&quot;_animation_delay&quot;:200}\" data-widget_type=\"button.default\">\n\t\t\t\t<div class=\"elementor-widget-container\">\n\t\t\t\t\t\t\t\t\t<div class=\"elementor-button-wrapper\">\n\t\t\t\t\t<a class=\"elementor-button elementor-button-link elementor-size-sm\" href=\"https:\/\/www.svial.ch\/fr\/notre-reseau\/#portraets\">\n\t\t\t\t\t\t<span class=\"elementor-button-content-wrapper\">\n\t\t\t\t\t\t<span class=\"elementor-button-icon\">\n\t\t\t\t\t\t\t<\/span>\n\t\t\t\t\t\t\t\t\t<span class=\"elementor-button-text\">Notre r\u00e9seau - Portraits<\/span>\n\t\t\t\t\t<\/span>\n\t\t\t\t\t<\/a>\n\t\t\t\t<\/div>\n\t\t\t\t\t\t\t\t<\/div>\n\t\t\t\t<\/div>\n\t\t\t\t\t<\/div>\n\t\t<\/div>\n\t\t\t\t\t<\/div>\n\t\t<\/section>\n\t\t\t\t<\/div>\n\t\t","protected":false},"excerpt":{"rendered":"<p>Nicole Karmann, membre du comit\u00e9, a travaill\u00e9 dans diverses entreprises et fonctions \u00e0 Migros apr\u00e8s avoir \u00e9tudi\u00e9 les sciences alimentaires \u00e0 l&rsquo;EPF. Dans son portrait, elle nous explique ce qui la passionne dans ses t\u00e2ches et ce qu&rsquo;elle souhaite que l&rsquo;ASIAT fasse pour elle.<\/p>\n","protected":false},"author":1,"featured_media":5989,"comment_status":"closed","ping_status":"open","sticky":false,"template":"elementor_header_footer","format":"gallery","meta":{"ocean_post_layout":"full-screen","ocean_both_sidebars_style":"","ocean_both_sidebars_content_width":0,"ocean_both_sidebars_sidebars_width":0,"ocean_sidebar":"0","ocean_second_sidebar":"0","ocean_disable_margins":"enable","ocean_add_body_class":"","ocean_shortcode_before_top_bar":"","ocean_shortcode_after_top_bar":"","ocean_shortcode_before_header":"","ocean_shortcode_after_header":"","ocean_has_shortcode":"","ocean_shortcode_after_title":"","ocean_shortcode_before_footer_widgets":"","ocean_shortcode_after_footer_widgets":"","ocean_shortcode_before_footer_bottom":"","ocean_shortcode_after_footer_bottom":"","ocean_display_top_bar":"off","ocean_display_header":"default","ocean_header_style":"","ocean_center_header_left_menu":"0","ocean_custom_header_template":"0","ocean_custom_logo":0,"ocean_custom_retina_logo":0,"ocean_custom_logo_max_width":0,"ocean_custom_logo_tablet_max_width":0,"ocean_custom_logo_mobile_max_width":0,"ocean_custom_logo_max_height":0,"ocean_custom_logo_tablet_max_height":0,"ocean_custom_logo_mobile_max_height":0,"ocean_header_custom_menu":"0","ocean_menu_typo_font_family":"0","ocean_menu_typo_font_subset":"","ocean_menu_typo_font_size":0,"ocean_menu_typo_font_size_tablet":0,"ocean_menu_typo_font_size_mobile":0,"ocean_menu_typo_font_size_unit":"px","ocean_menu_typo_font_weight":"","ocean_menu_typo_font_weight_tablet":"","ocean_menu_typo_font_weight_mobile":"","ocean_menu_typo_transform":"","ocean_menu_typo_transform_tablet":"","ocean_menu_typo_transform_mobile":"","ocean_menu_typo_line_height":0,"ocean_menu_typo_line_height_tablet":0,"ocean_menu_typo_line_height_mobile":0,"ocean_menu_typo_line_height_unit":"","ocean_menu_typo_spacing":0,"ocean_menu_typo_spacing_tablet":0,"ocean_menu_typo_spacing_mobile":0,"ocean_menu_typo_spacing_unit":"","ocean_menu_link_color":"","ocean_menu_link_color_hover":"","ocean_menu_link_color_active":"","ocean_menu_link_background":"","ocean_menu_link_hover_background":"","ocean_menu_link_active_background":"","ocean_menu_social_links_bg":"","ocean_menu_social_hover_links_bg":"","ocean_menu_social_links_color":"","ocean_menu_social_hover_links_color":"","ocean_disable_title":"on","ocean_disable_heading":"default","ocean_post_title":"","ocean_post_subheading":"","ocean_post_title_style":"","ocean_post_title_background_color":"","ocean_post_title_background":0,"ocean_post_title_bg_image_position":"","ocean_post_title_bg_image_attachment":"","ocean_post_title_bg_image_repeat":"","ocean_post_title_bg_image_size":"","ocean_post_title_height":0,"ocean_post_title_bg_overlay":0.5,"ocean_post_title_bg_overlay_color":"","ocean_disable_breadcrumbs":"default","ocean_breadcrumbs_color":"","ocean_breadcrumbs_separator_color":"","ocean_breadcrumbs_links_color":"","ocean_breadcrumbs_links_hover_color":"","ocean_display_footer_widgets":"off","ocean_display_footer_bottom":"off","ocean_custom_footer_template":"0","iawp_total_views":1,"ocean_post_oembed":"","ocean_post_self_hosted_media":"","ocean_post_video_embed":"","ocean_link_format":"","ocean_link_format_target":"self","ocean_quote_format":"","ocean_quote_format_link":"post","ocean_gallery_link_images":"on","ocean_gallery_id":[],"footnotes":""},"categories":[37],"tags":[],"class_list":["post-6242","post","type-post","status-publish","format-gallery","has-post-thumbnail","hentry","category-portraits","post_format-post-format-gallery","entry","has-media"],"_links":{"self":[{"href":"https:\/\/www.svial.ch\/fr\/wp-json\/wp\/v2\/posts\/6242","targetHints":{"allow":["GET"]}}],"collection":[{"href":"https:\/\/www.svial.ch\/fr\/wp-json\/wp\/v2\/posts"}],"about":[{"href":"https:\/\/www.svial.ch\/fr\/wp-json\/wp\/v2\/types\/post"}],"author":[{"embeddable":true,"href":"https:\/\/www.svial.ch\/fr\/wp-json\/wp\/v2\/users\/1"}],"replies":[{"embeddable":true,"href":"https:\/\/www.svial.ch\/fr\/wp-json\/wp\/v2\/comments?post=6242"}],"version-history":[{"count":7,"href":"https:\/\/www.svial.ch\/fr\/wp-json\/wp\/v2\/posts\/6242\/revisions"}],"predecessor-version":[{"id":8030,"href":"https:\/\/www.svial.ch\/fr\/wp-json\/wp\/v2\/posts\/6242\/revisions\/8030"}],"wp:featuredmedia":[{"embeddable":true,"href":"https:\/\/www.svial.ch\/fr\/wp-json\/wp\/v2\/media\/5989"}],"wp:attachment":[{"href":"https:\/\/www.svial.ch\/fr\/wp-json\/wp\/v2\/media?parent=6242"}],"wp:term":[{"taxonomy":"category","embeddable":true,"href":"https:\/\/www.svial.ch\/fr\/wp-json\/wp\/v2\/categories?post=6242"},{"taxonomy":"post_tag","embeddable":true,"href":"https:\/\/www.svial.ch\/fr\/wp-json\/wp\/v2\/tags?post=6242"}],"curies":[{"name":"wp","href":"https:\/\/api.w.org\/{rel}","templated":true}]}}