{"id":6245,"date":"2020-05-21T09:00:00","date_gmt":"2020-05-21T09:00:00","guid":{"rendered":"https:\/\/www.svial.ch\/en-mission-a-madagascar\/"},"modified":"2023-01-16T10:41:35","modified_gmt":"2023-01-16T10:41:35","slug":"en-mission-a-madagascar","status":"publish","type":"post","link":"https:\/\/www.svial.ch\/fr\/en-mission-a-madagascar\/","title":{"rendered":"En mission \u00e0 Madagascar"},"content":{"rendered":"\t\t<div data-elementor-type=\"wp-post\" data-elementor-id=\"6245\" class=\"elementor elementor-6245 elementor-4617\" data-elementor-post-type=\"post\">\n\t\t\t\t\t\t<section class=\"elementor-section elementor-top-section elementor-element elementor-element-6c3bf661 elementor-section-full_width elementor-section-height-default elementor-section-height-default rael-particle-no\" data-id=\"6c3bf661\" data-element_type=\"section\" data-e-type=\"section\" data-settings=\"{&quot;background_background&quot;:&quot;classic&quot;,&quot;rae_animations_entrance&quot;:&quot;none&quot;}\">\n\t\t\t\t\t\t<div class=\"elementor-container elementor-column-gap-default\">\n\t\t\t\t\t<div class=\"elementor-column elementor-col-100 elementor-top-column elementor-element elementor-element-35b3b79f rael-particle-no\" data-id=\"35b3b79f\" data-element_type=\"column\" data-e-type=\"column\">\n\t\t\t<div class=\"elementor-widget-wrap elementor-element-populated\">\n\t\t\t\t\t\t<div class=\"elementor-element elementor-element-726e23c elementor-widget elementor-widget-image\" data-id=\"726e23c\" data-element_type=\"widget\" data-e-type=\"widget\" data-widget_type=\"image.default\">\n\t\t\t\t<div class=\"elementor-widget-container\">\n\t\t\t\t\t\t\t\t\t\t\t\t\t\t\t<img decoding=\"async\" src=\"https:\/\/www.svial.ch\/wp-content\/uploads\/2022\/11\/200521_banner_madagaskar.png\" title=\"200521_banner_madagaskar\" alt=\"200521_banner_madagaskar\" loading=\"lazy\" \/>\t\t\t\t\t\t\t\t\t\t\t\t\t\t\t<\/div>\n\t\t\t\t<\/div>\n\t\t\t\t\t<\/div>\n\t\t<\/div>\n\t\t\t\t\t<\/div>\n\t\t<\/section>\n\t\t\t\t<section class=\"elementor-section elementor-top-section elementor-element elementor-element-17af952a elementor-section-boxed elementor-section-height-default elementor-section-height-default rael-particle-no\" data-id=\"17af952a\" data-element_type=\"section\" data-e-type=\"section\" data-settings=\"{&quot;background_background&quot;:&quot;classic&quot;,&quot;rae_animations_entrance&quot;:&quot;none&quot;}\">\n\t\t\t\t\t\t<div class=\"elementor-container elementor-column-gap-default\">\n\t\t\t\t\t<div class=\"elementor-column elementor-col-100 elementor-top-column elementor-element elementor-element-6183ff83 rael-particle-no\" data-id=\"6183ff83\" data-element_type=\"column\" data-e-type=\"column\" data-settings=\"{&quot;background_background&quot;:&quot;classic&quot;}\">\n\t\t\t<div class=\"elementor-widget-wrap elementor-element-populated\">\n\t\t\t\t\t\t<div class=\"elementor-element elementor-element-6e30f0f8 elementor-widget elementor-widget-heading\" data-id=\"6e30f0f8\" data-element_type=\"widget\" data-e-type=\"widget\" data-widget_type=\"heading.default\">\n\t\t\t\t<div class=\"elementor-widget-container\">\n\t\t\t\t\t<h2 class=\"elementor-heading-title elementor-size-default\">Ruth Rossier en mission \u00e0 Madagascar<\/h2>\t\t\t\t<\/div>\n\t\t\t\t<\/div>\n\t\t\t\t<div class=\"elementor-element elementor-element-3fbf6388 elementor-widget elementor-widget-text-editor\" data-id=\"3fbf6388\" data-element_type=\"widget\" data-e-type=\"widget\" data-widget_type=\"text-editor.default\">\n\t\t\t\t<div class=\"elementor-widget-container\">\n\t\t\t\t\t\t\t\t\t<p class=\"artikel-titel\">Ruth Rossier est membre de l&rsquo;association Agro-Sans-Fronti\u00e8re (asf.ch) depuis le d\u00e9but. Actuellement, elle s&rsquo;occupe d&rsquo;un projet \u00e0 Madagascar visant \u00e0 promouvoir la culture, la consommation et la commercialisation de pommes de terre. Ruth Rossier raconte dans son article pourquoi elle est devenue membre d&rsquo;asf.ch et comment le projet de pommes de terre sur les hauts plateaux malgaches a vu le jour.<\/p>\n\t\t\t\t\t\t\t\t<\/div>\n\t\t\t\t<\/div>\n\t\t\t\t<div class=\"elementor-element elementor-element-23999b61 elementor-widget elementor-widget-heading\" data-id=\"23999b61\" data-element_type=\"widget\" data-e-type=\"widget\" data-widget_type=\"heading.default\">\n\t\t\t\t<div class=\"elementor-widget-container\">\n\t\t\t\t\t<h2 class=\"elementor-heading-title elementor-size-default\">Retour aux sources avec un projet de pommes de terre d'Agro-Sans-Fronti\u00e8re Suisse<\/h2>\t\t\t\t<\/div>\n\t\t\t\t<\/div>\n\t\t\t\t<div class=\"elementor-element elementor-element-32982ef elementor-widget elementor-widget-text-editor\" data-id=\"32982ef\" data-element_type=\"widget\" data-e-type=\"widget\" data-widget_type=\"text-editor.default\">\n\t\t\t\t<div class=\"elementor-widget-container\">\n\t\t\t\t\t\t\t\t\t<p class=\"p1\"><span class=\"s1\">En tant qu&rsquo;agronome, j&rsquo;ai travaill\u00e9 pendant 30 ans dans la recherche socio-\u00e9conomique chez Agroscope \u00e0 T\u00e4nikon, et ce, bien que j&rsquo;aie initialement \u00e9tudi\u00e9 la production v\u00e9g\u00e9tale \u00e0 l&rsquo;EPF. J&rsquo;ai toujours \u00e9t\u00e9 curieuse et ouverte \u00e0 la nouveaut\u00e9. Les travaux de recherche sur les paysannes et les agriculteurs, mais aussi la collaboration avec l&rsquo;Office f\u00e9d\u00e9ral de l&rsquo;agriculture sur la dimension sociale de l&rsquo;agriculture durable ont \u00e9t\u00e9 tr\u00e8s int\u00e9ressants et instructifs. Apr\u00e8s ma retraite, j&rsquo;\u00e9tais \u00e0 la recherche d&rsquo;une activit\u00e9 utile, exigeante et \u00e9panouissante. Je voulais rendre la pareille aux femmes moins privil\u00e9gi\u00e9es. D\u00e8s mes \u00e9tudes, je me suis int\u00e9ress\u00e9e \u00e0 la production alimentaire ; plus tard, dans la recherche agricole, j&rsquo;ai ajout\u00e9 la promotion des femmes. Mes projets en Roumanie, en Croatie et au Japon m&rsquo;ont permis d&rsquo;acqu\u00e9rir une premi\u00e8re exp\u00e9rience \u00e0 l&rsquo;\u00e9tranger.<\/span><\/p>\n<p class=\"p1\"><span class=\"s1\">Il fallait bien que cela se passe comme \u00e7a, que \u00e7a ne marche pas pour un poste \u00e0 l&rsquo;\u00e9tranger apr\u00e8s les \u00e9tudes. Plus tard, avec une famille et trois enfants, le chemin de l&rsquo;\u00e9tranger ne me convenait plus. Lorsque l&rsquo;association Agro-sans-fronti\u00e8re Suisse (asf.ch) a \u00e9t\u00e9 cr\u00e9\u00e9e en 2011 dans le canton de Vaud, j&rsquo;ai trouv\u00e9 cela passionnant et j&rsquo;en suis devenu membre, peut-\u00eatre un peu par nostalgie de mon engagement manqu\u00e9 \u00e0 l&rsquo;\u00e9tranger.<\/span>.<\/p>\n\t\t\t\t\t\t\t\t<\/div>\n\t\t\t\t<\/div>\n\t\t\t\t<div class=\"elementor-element elementor-element-329aaa69 elementor-widget elementor-widget-heading\" data-id=\"329aaa69\" data-element_type=\"widget\" data-e-type=\"widget\" data-widget_type=\"heading.default\">\n\t\t\t\t<div class=\"elementor-widget-container\">\n\t\t\t\t\t<h2 class=\"elementor-heading-title elementor-size-default\">Mise en place d'une cha\u00eene de valorisation des pommes de terre \u00e0 Madagascar<\/h2>\t\t\t\t<\/div>\n\t\t\t\t<\/div>\n\t\t\t\t<div class=\"elementor-element elementor-element-6d827eeb elementor-widget elementor-widget-text-editor\" data-id=\"6d827eeb\" data-element_type=\"widget\" data-e-type=\"widget\" data-widget_type=\"text-editor.default\">\n\t\t\t\t<div class=\"elementor-widget-container\">\n\t\t\t\t\t\t\t\t\t<p>C&rsquo;est un peu par hasard que le projet de pommes de terre \u00e0 Madagascar a vu le jour. En 2014, lors d&rsquo;une rencontre entre la recherche et la pratique \u00e0 l&rsquo;occasion de l&rsquo;Ann\u00e9e internationale de l&rsquo;ONU pour l&rsquo;agriculture familiale, j&rsquo;ai rencontr\u00e9 mon partenaire actuel de la F\u00e9d\u00e9ration paysanne (VFTM) \u00e0 Fianarantsoa, Madagascar. L&rsquo;objectif de l&rsquo;AFTM est d&rsquo;aider ses membres \u00e0 mettre en place des cha\u00eenes de valeur pour les produits alimentaires tels que le riz (aliment de base), les haricots, les oignons, etc. Les projets de pommes de terre de l&rsquo;asf.ch en Afrique de l&rsquo;Ouest ont convaincu l&rsquo;AFTM de la valeur de la pomme de terre en tant que denr\u00e9e alimentaire, raison pour laquelle elle a voulu mettre en place une cha\u00eene de valorisation des pommes de terre sur les hauts plateaux de Madagascar avec l&rsquo;aide de l&rsquo;asf.ch.<\/p>\n\t\t\t\t\t\t\t\t<\/div>\n\t\t\t\t<\/div>\n\t\t\t\t<div class=\"elementor-element elementor-element-cdaf37e elementor-widget elementor-widget-heading\" data-id=\"cdaf37e\" data-element_type=\"widget\" data-e-type=\"widget\" data-widget_type=\"heading.default\">\n\t\t\t\t<div class=\"elementor-widget-container\">\n\t\t\t\t\t<h2 class=\"elementor-heading-title elementor-size-default\">Un projet de taille raisonnable pour r\u00e9ussir<\/h2>\t\t\t\t<\/div>\n\t\t\t\t<\/div>\n\t\t\t\t<div class=\"elementor-element elementor-element-27c5b99 elementor-widget elementor-widget-text-editor\" data-id=\"27c5b99\" data-element_type=\"widget\" data-e-type=\"widget\" data-widget_type=\"text-editor.default\">\n\t\t\t\t<div class=\"elementor-widget-container\">\n\t\t\t\t\t\t\t\t\t<p><span class=\"s1\">J&rsquo;avais en t\u00eate une approche globale du projet, dans laquelle la production, la consommation et la commercialisation sont encourag\u00e9es de la m\u00eame mani\u00e8re. Pour moi, une chose \u00e9tait s\u00fbre : soit le projet devait \u00eatre r\u00e9duit \u00e0 une taille raisonnable, soit l&rsquo;AFTM devait trouver d&rsquo;autres partenaires. Trop de projets de d\u00e9veloppement ont d\u00e9j\u00e0 \u00e9chou\u00e9 parce qu&rsquo;on voulait trop de choses \u00e0 la fois et que trop d&rsquo;argent \u00e9veillait de nouvelles convoitises ou donnait la main \u00e0 la corruption. Le projet doit offrir une aide \u00e0 l&rsquo;entraide et pouvoir \u00eatre poursuivi ult\u00e9rieurement par l&rsquo;AFTM seule. Il ne s&rsquo;agit donc pas de cr\u00e9er de nouvelles d\u00e9pendances. C&rsquo;est pourquoi nous misons sur l&rsquo;agriculture \u00e9cologique dans le cadre du projet (compost au lieu d&rsquo;engrais commerciaux). Le plus grand d\u00e9fi actuel est de se procurer suffisamment de plants de pommes de terre sains. VFTM souhaite \u00e9galement se lancer dans la multiplication de pommes de terre \u00e0 l&rsquo;avenir, afin de pouvoir fournir suffisamment de semences de pommes de terre \u00e0 ses productrices. Ici aussi, des n\u00e9gociations ont lieu<\/span>.<\/p>\n\t\t\t\t\t\t\t\t<\/div>\n\t\t\t\t<\/div>\n\t\t\t\t<div class=\"elementor-element elementor-element-26442f5f elementor-widget elementor-widget-heading\" data-id=\"26442f5f\" data-element_type=\"widget\" data-e-type=\"widget\" data-widget_type=\"heading.default\">\n\t\t\t\t<div class=\"elementor-widget-container\">\n\t\t\t\t\t<h2 class=\"elementor-heading-title elementor-size-default\">Un projet de trois ans financ\u00e9 par des dons priv\u00e9s  <\/h2>\t\t\t\t<\/div>\n\t\t\t\t<\/div>\n\t\t\t\t<div class=\"elementor-element elementor-element-7506d486 elementor-widget elementor-widget-text-editor\" data-id=\"7506d486\" data-element_type=\"widget\" data-e-type=\"widget\" data-widget_type=\"text-editor.default\">\n\t\t\t\t<div class=\"elementor-widget-container\">\n\t\t\t\t\t\t\t\t\t<p>Le projet pilote men\u00e9 dans deux villages de la r\u00e9gion de Fianarantsoa en 2016 a \u00e9t\u00e9 un grand succ\u00e8s et le projet de pommes de terre \u00e0 Madagascar a \u00e9t\u00e9 plac\u00e9 sous le patronage d&rsquo;asf.ch. Je peux ainsi compter sur le soutien professionnel de coll\u00e8gues. Le projet est financ\u00e9 par asf.ch et des dons priv\u00e9s.<br \/>Le projet durera trois ans (2017-2019). Gr\u00e2ce \u00e0 Internet, nous sommes en contact permanent avec notre organisation partenaire et une fois par an, en automne, asf.ch se rend personnellement sur place. des essais sur le terrain, des cours de cuisine et un  <span class=\"s1\">F\u00eate de la pomme de terre compl\u00e8tent la mission annuelle. Chez asf.ch, c&rsquo;est surtout l&rsquo;engagement b\u00e9n\u00e9vole mondial dans l&rsquo;agriculture qui m&rsquo;a attir\u00e9. De plus, je cherchais une organisation avec des personnes qui pouvaient me soutenir techniquement dans la culture de la pomme de terre et qui soutenaient l&rsquo;approche globale du projet de pomme de terre. Ce projet aux moyens financiers modestes n&rsquo;int\u00e9ressait pas, de par sa nature, de nombreuses grandes \u0153uvres d&rsquo;entraide et l&rsquo;\u00c9tat. De plus, asf.ch avait son si\u00e8ge dans le canton de Vaud et \u00e9tait engag\u00e9e dans des r\u00e9gions francophones (Afrique de l&rsquo;Ouest). Le petit projet de pommes de terre \u00e0 Madagascar s&rsquo;y pr\u00eatait bien. J&rsquo;ai ainsi pu r\u00e9activer mes connaissances linguistiques de mon temps \u00e0 Gen\u00e8ve.<\/span>.&nbsp;<\/p>\n\t\t\t\t\t\t\t\t<\/div>\n\t\t\t\t<\/div>\n\t\t\t\t<div class=\"elementor-element elementor-element-651a29d elementor-widget elementor-widget-heading\" data-id=\"651a29d\" data-element_type=\"widget\" data-e-type=\"widget\" data-widget_type=\"heading.default\">\n\t\t\t\t<div class=\"elementor-widget-container\">\n\t\t\t\t\t<h2 class=\"elementor-heading-title elementor-size-default\">\u00c9galement durable sur le plan \u00e9cologique et social<\/h2>\t\t\t\t<\/div>\n\t\t\t\t<\/div>\n\t\t\t\t<div class=\"elementor-element elementor-element-88f4130 elementor-widget elementor-widget-text-editor\" data-id=\"88f4130\" data-element_type=\"widget\" data-e-type=\"widget\" data-widget_type=\"text-editor.default\">\n\t\t\t\t<div class=\"elementor-widget-container\">\n\t\t\t\t\t\t\t\t\t<p class=\"p1\"><span class=\"s1\">Par amour de l&rsquo;environnement, nous utilisons \u00e9galement dans le projet les po\u00eales \u00e0 bois \u00e0 faible consommation d&rsquo;\u00e9nergie d&rsquo;ADES<a href=\"http:\/\/www.adesolaire.org\/\" target=\"_blank\" rel=\"noopener\">(www.adesolaire.org)<\/a>, qui sont produits \u00e0 Madagascar. Ils sont utilis\u00e9s pour les cours de cuisine \u00e0 base de pommes de terre organis\u00e9s dans le village. D\u00e9sormais, des di\u00e9t\u00e9ticiennes malgaches contribueront \u00e0 une alimentation ad\u00e9quate dans le village.<\/span><\/p>\n<p class=\"p1\"><span class=\"s1\">J&rsquo;aime travailler avec les femmes. Les petites productrices du projet de pommes de terre sont engag\u00e9es et motiv\u00e9es. Ils suivent un cours de formation continue sur la culture de la pomme de terre et le compostage \u00e0 Antsirabe. Mais en m\u00eame temps, je peux compter sur un responsable tr\u00e8s fiable pour le projet pomme de terre au sein de la VFTM. Mais seuls le respect et la confiance mutuels ainsi que l&rsquo;engagement de toutes les personnes motiv\u00e9es cr\u00e9ent un climat dans lequel un projet a des chances de r\u00e9ussir.<\/span>.  <\/p>\n\t\t\t\t\t\t\t\t<\/div>\n\t\t\t\t<\/div>\n\t\t\t\t<section class=\"elementor-section elementor-inner-section elementor-element elementor-element-842d36d elementor-section-boxed elementor-section-height-default elementor-section-height-default rael-particle-no\" data-id=\"842d36d\" data-element_type=\"section\" data-e-type=\"section\" data-settings=\"{&quot;rae_animations_entrance&quot;:&quot;none&quot;}\">\n\t\t\t\t\t\t<div class=\"elementor-container elementor-column-gap-default\">\n\t\t\t\t\t<div class=\"elementor-column elementor-col-50 elementor-inner-column elementor-element elementor-element-5c03911 rael-particle-no\" data-id=\"5c03911\" data-element_type=\"column\" data-e-type=\"column\">\n\t\t\t<div class=\"elementor-widget-wrap elementor-element-populated\">\n\t\t\t\t\t\t<div class=\"elementor-element elementor-element-b264a3f elementor-widget elementor-widget-image\" data-id=\"b264a3f\" data-element_type=\"widget\" data-e-type=\"widget\" data-widget_type=\"image.default\">\n\t\t\t\t<div class=\"elementor-widget-container\">\n\t\t\t\t\t\t\t\t\t\t\t\t\t\t\t<img fetchpriority=\"high\" decoding=\"async\" width=\"425\" height=\"567\" src=\"https:\/\/www.svial.ch\/wp-content\/uploads\/2022\/11\/200521_foto_madagaskar.png\" class=\"attachment-large size-large wp-image-5967\" alt=\"\" srcset=\"https:\/\/www.svial.ch\/wp-content\/uploads\/2022\/11\/200521_foto_madagaskar.png 425w, https:\/\/www.svial.ch\/wp-content\/uploads\/2022\/11\/200521_foto_madagaskar-225x300.png 225w\" sizes=\"(max-width: 425px) 100vw, 425px\" \/>\t\t\t\t\t\t\t\t\t\t\t\t\t\t\t<\/div>\n\t\t\t\t<\/div>\n\t\t\t\t<div class=\"elementor-element elementor-element-d8a1909 elementor-widget elementor-widget-text-editor\" data-id=\"d8a1909\" data-element_type=\"widget\" data-e-type=\"widget\" data-widget_type=\"text-editor.default\">\n\t\t\t\t<div class=\"elementor-widget-container\">\n\t\t\t\t\t\t\t\t\t<p><span class=\"s1\">Ruth Rossier en compagnie de Lucien Maminilainoro (pr\u00e9sident de l&rsquo;AFTM) lors d&rsquo;une visite de terrain en 2017<\/span>.  <\/p>\n\t\t\t\t\t\t\t\t<\/div>\n\t\t\t\t<\/div>\n\t\t\t\t\t<\/div>\n\t\t<\/div>\n\t\t\t\t<div class=\"elementor-column elementor-col-50 elementor-inner-column elementor-element elementor-element-cd8fc6f rael-particle-no\" data-id=\"cd8fc6f\" data-element_type=\"column\" data-e-type=\"column\">\n\t\t\t<div class=\"elementor-widget-wrap elementor-element-populated\">\n\t\t\t\t\t\t<div class=\"elementor-element elementor-element-903898a elementor-widget elementor-widget-text-editor\" data-id=\"903898a\" data-element_type=\"widget\" data-e-type=\"widget\" data-widget_type=\"text-editor.default\">\n\t\t\t\t<div class=\"elementor-widget-container\">\n\t\t\t\t\t\t\t\t\t<p class=\"p1\"><span class=\"s1\">Vous trouverez<strong>de plus amples informations sur le projet de pommes de terre<\/strong> \u00e0 Madagascar sur le site <a href=\"http:\/\/agro-sans-frontiere.ch\/\" target=\"_blank\" rel=\"noopener\">www.agro-sans-fronti\u00e8re.ch.<\/a><\/span><\/p>\n<p class=\"p1\"><span class=\"s1\">Si vous avez d&rsquo;autres questions ou si vous souhaitez des renseignements, vous pouvez contacter directement Ruth Rossier<\/span>:<\/p>\n<p>Ruth Rossier, Ing\u00e9nieur agronome dipl\u00f4m\u00e9 ETH<br \/>Rue de Juch 23<br \/>8192 Glattfelden<br \/><a href=\"mailto:rossier.ruth@bluewin.ch\">rossier.ruth@bluewin.ch<\/a><br \/>T\u00e9l\u00e9phone +41 44 867 00 36<br \/>T\u00e9l\u00e9phone portable +41 79 875 36 42<\/p>\n\t\t\t\t\t\t\t\t<\/div>\n\t\t\t\t<\/div>\n\t\t\t\t\t<\/div>\n\t\t<\/div>\n\t\t\t\t\t<\/div>\n\t\t<\/section>\n\t\t\t\t<div class=\"elementor-element elementor-element-08875ce elementor-align-center animated-slow elementor-widget elementor-widget-button\" data-id=\"08875ce\" data-element_type=\"widget\" data-e-type=\"widget\" data-settings=\"{&quot;_animation&quot;:&quot;none&quot;,&quot;_animation_delay&quot;:200}\" data-widget_type=\"button.default\">\n\t\t\t\t<div class=\"elementor-widget-container\">\n\t\t\t\t\t\t\t\t\t<div class=\"elementor-button-wrapper\">\n\t\t\t\t\t<a class=\"elementor-button elementor-button-link elementor-size-sm\" href=\"https:\/\/www.svial.ch\/fr\/notre-reseau\/#netzwerknews\">\n\t\t\t\t\t\t<span class=\"elementor-button-content-wrapper\">\n\t\t\t\t\t\t<span class=\"elementor-button-icon\">\n\t\t\t\t\t\t\t<\/span>\n\t\t\t\t\t\t\t\t\t<span class=\"elementor-button-text\">Notre r\u00e9seau - Actualit\u00e9s de notre r\u00e9seau<\/span>\n\t\t\t\t\t<\/span>\n\t\t\t\t\t<\/a>\n\t\t\t\t<\/div>\n\t\t\t\t\t\t\t\t<\/div>\n\t\t\t\t<\/div>\n\t\t\t\t\t<\/div>\n\t\t<\/div>\n\t\t\t\t\t<\/div>\n\t\t<\/section>\n\t\t\t\t<\/div>\n\t\t","protected":false},"excerpt":{"rendered":"<p>Ruth Rossier, membre de l&rsquo;ASIAT, s&rsquo;engage b\u00e9n\u00e9volement depuis 2011 aupr\u00e8s de l&rsquo;association Agro-Sans-Fronti\u00e8re Suisse. Cette agronome \u00e0 la retraite dirige un projet de culture durable de la pomme de terre \u00e0 Madagascar afin d&rsquo;y am\u00e9liorer la s\u00e9curit\u00e9 alimentaire.<\/p>\n","protected":false},"author":1,"featured_media":5969,"comment_status":"closed","ping_status":"open","sticky":false,"template":"elementor_header_footer","format":"gallery","meta":{"ocean_post_layout":"full-screen","ocean_both_sidebars_style":"","ocean_both_sidebars_content_width":0,"ocean_both_sidebars_sidebars_width":0,"ocean_sidebar":"0","ocean_second_sidebar":"0","ocean_disable_margins":"enable","ocean_add_body_class":"","ocean_shortcode_before_top_bar":"","ocean_shortcode_after_top_bar":"","ocean_shortcode_before_header":"","ocean_shortcode_after_header":"","ocean_has_shortcode":"","ocean_shortcode_after_title":"","ocean_shortcode_before_footer_widgets":"","ocean_shortcode_after_footer_widgets":"","ocean_shortcode_before_footer_bottom":"","ocean_shortcode_after_footer_bottom":"","ocean_display_top_bar":"off","ocean_display_header":"default","ocean_header_style":"","ocean_center_header_left_menu":"0","ocean_custom_header_template":"0","ocean_custom_logo":0,"ocean_custom_retina_logo":0,"ocean_custom_logo_max_width":0,"ocean_custom_logo_tablet_max_width":0,"ocean_custom_logo_mobile_max_width":0,"ocean_custom_logo_max_height":0,"ocean_custom_logo_tablet_max_height":0,"ocean_custom_logo_mobile_max_height":0,"ocean_header_custom_menu":"0","ocean_menu_typo_font_family":"0","ocean_menu_typo_font_subset":"","ocean_menu_typo_font_size":0,"ocean_menu_typo_font_size_tablet":0,"ocean_menu_typo_font_size_mobile":0,"ocean_menu_typo_font_size_unit":"px","ocean_menu_typo_font_weight":"","ocean_menu_typo_font_weight_tablet":"","ocean_menu_typo_font_weight_mobile":"","ocean_menu_typo_transform":"","ocean_menu_typo_transform_tablet":"","ocean_menu_typo_transform_mobile":"","ocean_menu_typo_line_height":0,"ocean_menu_typo_line_height_tablet":0,"ocean_menu_typo_line_height_mobile":0,"ocean_menu_typo_line_height_unit":"","ocean_menu_typo_spacing":0,"ocean_menu_typo_spacing_tablet":0,"ocean_menu_typo_spacing_mobile":0,"ocean_menu_typo_spacing_unit":"","ocean_menu_link_color":"","ocean_menu_link_color_hover":"","ocean_menu_link_color_active":"","ocean_menu_link_background":"","ocean_menu_link_hover_background":"","ocean_menu_link_active_background":"","ocean_menu_social_links_bg":"","ocean_menu_social_hover_links_bg":"","ocean_menu_social_links_color":"","ocean_menu_social_hover_links_color":"","ocean_disable_title":"on","ocean_disable_heading":"default","ocean_post_title":"","ocean_post_subheading":"","ocean_post_title_style":"","ocean_post_title_background_color":"","ocean_post_title_background":0,"ocean_post_title_bg_image_position":"","ocean_post_title_bg_image_attachment":"","ocean_post_title_bg_image_repeat":"","ocean_post_title_bg_image_size":"","ocean_post_title_height":0,"ocean_post_title_bg_overlay":0.5,"ocean_post_title_bg_overlay_color":"","ocean_disable_breadcrumbs":"default","ocean_breadcrumbs_color":"","ocean_breadcrumbs_separator_color":"","ocean_breadcrumbs_links_color":"","ocean_breadcrumbs_links_hover_color":"","ocean_display_footer_widgets":"off","ocean_display_footer_bottom":"off","ocean_custom_footer_template":"0","iawp_total_views":17,"ocean_post_oembed":"","ocean_post_self_hosted_media":"","ocean_post_video_embed":"","ocean_link_format":"","ocean_link_format_target":"self","ocean_quote_format":"","ocean_quote_format_link":"post","ocean_gallery_link_images":"on","ocean_gallery_id":[],"footnotes":""},"categories":[40],"tags":[],"class_list":["post-6245","post","type-post","status-publish","format-gallery","has-post-thumbnail","hentry","category-actualites-de-notre-reseau","post_format-post-format-gallery","entry","has-media"],"_links":{"self":[{"href":"https:\/\/www.svial.ch\/fr\/wp-json\/wp\/v2\/posts\/6245","targetHints":{"allow":["GET"]}}],"collection":[{"href":"https:\/\/www.svial.ch\/fr\/wp-json\/wp\/v2\/posts"}],"about":[{"href":"https:\/\/www.svial.ch\/fr\/wp-json\/wp\/v2\/types\/post"}],"author":[{"embeddable":true,"href":"https:\/\/www.svial.ch\/fr\/wp-json\/wp\/v2\/users\/1"}],"replies":[{"embeddable":true,"href":"https:\/\/www.svial.ch\/fr\/wp-json\/wp\/v2\/comments?post=6245"}],"version-history":[{"count":4,"href":"https:\/\/www.svial.ch\/fr\/wp-json\/wp\/v2\/posts\/6245\/revisions"}],"predecessor-version":[{"id":8046,"href":"https:\/\/www.svial.ch\/fr\/wp-json\/wp\/v2\/posts\/6245\/revisions\/8046"}],"wp:featuredmedia":[{"embeddable":true,"href":"https:\/\/www.svial.ch\/fr\/wp-json\/wp\/v2\/media\/5969"}],"wp:attachment":[{"href":"https:\/\/www.svial.ch\/fr\/wp-json\/wp\/v2\/media?parent=6245"}],"wp:term":[{"taxonomy":"category","embeddable":true,"href":"https:\/\/www.svial.ch\/fr\/wp-json\/wp\/v2\/categories?post=6245"},{"taxonomy":"post_tag","embeddable":true,"href":"https:\/\/www.svial.ch\/fr\/wp-json\/wp\/v2\/tags?post=6245"}],"curies":[{"name":"wp","href":"https:\/\/api.w.org\/{rel}","templated":true}]}}