{"id":8052,"date":"2022-12-08T13:00:00","date_gmt":"2022-12-08T13:00:00","guid":{"rendered":"https:\/\/www.svial.ch\/rapport-final-journees-de-lagroecologie\/"},"modified":"2023-01-18T12:49:24","modified_gmt":"2023-01-18T12:49:24","slug":"rapport-final-journees-de-lagroecologie","status":"publish","type":"post","link":"https:\/\/www.svial.ch\/fr\/rapport-final-journees-de-lagroecologie\/","title":{"rendered":"Rapport final Journ\u00e9es de l&rsquo;agro\u00e9cologie"},"content":{"rendered":"\t\t<div data-elementor-type=\"wp-post\" data-elementor-id=\"8052\" class=\"elementor elementor-8052 elementor-7230\" data-elementor-post-type=\"post\">\n\t\t\t\t\t\t<section class=\"elementor-section elementor-top-section elementor-element elementor-element-6c3bf661 elementor-section-full_width elementor-section-height-default elementor-section-height-default rael-particle-no\" data-id=\"6c3bf661\" data-element_type=\"section\" data-e-type=\"section\" data-settings=\"{&quot;background_background&quot;:&quot;classic&quot;,&quot;rae_animations_entrance&quot;:&quot;none&quot;}\">\n\t\t\t\t\t\t<div class=\"elementor-container elementor-column-gap-default\">\n\t\t\t\t\t<div class=\"elementor-column elementor-col-100 elementor-top-column elementor-element elementor-element-35b3b79f rael-particle-no\" data-id=\"35b3b79f\" data-element_type=\"column\" data-e-type=\"column\">\n\t\t\t<div class=\"elementor-widget-wrap elementor-element-populated\">\n\t\t\t\t\t\t<div class=\"elementor-element elementor-element-726e23c elementor-widget elementor-widget-image\" data-id=\"726e23c\" data-element_type=\"widget\" data-e-type=\"widget\" data-widget_type=\"image.default\">\n\t\t\t\t<div class=\"elementor-widget-container\">\n\t\t\t\t\t\t\t\t\t\t\t\t\t\t\t<img decoding=\"async\" src=\"https:\/\/www.svial.ch\/wp-content\/uploads\/elementor\/thumbs\/P1010782-2-scaled-pz25r8iabex1ypoxs3r7tqde1r9epcql51zdp6g5gg.jpg\" title=\"OLYMPUS DIGITAL CAMERA\" alt=\"OLYMPUS DIGITAL CAMERA\" loading=\"lazy\" \/>\t\t\t\t\t\t\t\t\t\t\t\t\t\t\t<\/div>\n\t\t\t\t<\/div>\n\t\t\t\t\t<\/div>\n\t\t<\/div>\n\t\t\t\t\t<\/div>\n\t\t<\/section>\n\t\t\t\t<section class=\"elementor-section elementor-top-section elementor-element elementor-element-17af952a elementor-section-boxed elementor-section-height-default elementor-section-height-default rael-particle-no\" data-id=\"17af952a\" data-element_type=\"section\" data-e-type=\"section\" data-settings=\"{&quot;background_background&quot;:&quot;classic&quot;,&quot;rae_animations_entrance&quot;:&quot;none&quot;}\">\n\t\t\t\t\t\t<div class=\"elementor-container elementor-column-gap-default\">\n\t\t\t\t\t<div class=\"elementor-column elementor-col-100 elementor-top-column elementor-element elementor-element-6183ff83 rael-particle-no\" data-id=\"6183ff83\" data-element_type=\"column\" data-e-type=\"column\" data-settings=\"{&quot;background_background&quot;:&quot;classic&quot;}\">\n\t\t\t<div class=\"elementor-widget-wrap elementor-element-populated\">\n\t\t\t\t\t\t<div class=\"elementor-element elementor-element-6e30f0f8 elementor-widget elementor-widget-heading\" data-id=\"6e30f0f8\" data-element_type=\"widget\" data-e-type=\"widget\" data-widget_type=\"heading.default\">\n\t\t\t\t<div class=\"elementor-widget-container\">\n\t\t\t\t\t<h2 class=\"elementor-heading-title elementor-size-default\">Rapport final 'Journ\u00e9es de l'agro\u00e9cologie 2022<\/h2>\t\t\t\t<\/div>\n\t\t\t\t<\/div>\n\t\t\t\t<div class=\"elementor-element elementor-element-329aaa69 elementor-widget elementor-widget-heading\" data-id=\"329aaa69\" data-element_type=\"widget\" data-e-type=\"widget\" data-widget_type=\"heading.default\">\n\t\t\t\t<div class=\"elementor-widget-container\">\n\t\t\t\t\t<h2 class=\"elementor-heading-title elementor-size-default\">Le projet en bref<\/h2>\t\t\t\t<\/div>\n\t\t\t\t<\/div>\n\t\t\t\t<div class=\"elementor-element elementor-element-3fbf6388 elementor-widget elementor-widget-text-editor\" data-id=\"3fbf6388\" data-element_type=\"widget\" data-e-type=\"widget\" data-widget_type=\"text-editor.default\">\n\t\t\t\t<div class=\"elementor-widget-container\">\n\t\t\t\t\t\t\t\t\t<p>Notre \u00e9v\u00e9nement avec Carmen Kummer sur l&rsquo;agro\u00e9cologie a \u00e9t\u00e9 un succ\u00e8s. Apr\u00e8s la pr\u00e9sentation de son travail de master sur le sujet, nous avons poursuivi la discussion pendant pr\u00e8s d&rsquo;une heure.<\/p>\n<p>Voici maintenant le rapport d&rsquo;Agroecologyworks :<\/p>\n<p>L&rsquo;engagement en faveur de l&rsquo;agro\u00e9cologie est motiv\u00e9 par la n\u00e9cessit\u00e9 d&rsquo;une transformation durable de notre syst\u00e8me alimentaire. Les \u00ab\u00a0Journ\u00e9es de l&rsquo;agro\u00e9cologie\u00a0\u00bb sont un concept de manifestation dans le cadre duquel des organisations et des particuliers organisent, sous une accroche commune, des \u00e9v\u00e9nements de diff\u00e9rents formats pour les experts* et les profanes sur les multiples aspects de l&rsquo;agro\u00e9cologie. Apr\u00e8s un lancement r\u00e9ussi en novembre 2021, la s\u00e9rie d&rsquo;\u00e9v\u00e9nements a entam\u00e9 sa deuxi\u00e8me \u00e9dition cette ann\u00e9e. Les \u00ab\u00a0Journ\u00e9es de l&rsquo;agro\u00e9cologie\u00a0\u00bb sont organis\u00e9es par le r\u00e9seau Agroecology Works ! En 2019, plusieurs organisations de la soci\u00e9t\u00e9 civile, agricoles et universitaires se sont r\u00e9unies pour la premi\u00e8re fois dans le but de promouvoir l&rsquo;agro\u00e9cologie comme principe directeur pour une transformation durable et globale du syst\u00e8me alimentaire. Ce r\u00e9seau, au d\u00e9part peu structur\u00e9, s&rsquo;est renforc\u00e9 au fil des ans et est devenu une association officielle en 2022. Cette ann\u00e9e, les Journ\u00e9es de l&rsquo;agro\u00e9cologie sont financ\u00e9es \u00e0 80% en Suisse al\u00e9manique par la Fondation pour une agriculture durable. Les activit\u00e9s mentionn\u00e9es ici et les r\u00e9sultats obtenus sont donc en grande partie dus \u00e0 ce financement. En Suisse romande, une \u00e9quipe sp\u00e9cifique s&rsquo;est constitu\u00e9e, qui a re\u00e7u un financement suppl\u00e9mentaire de la Seedling Foundation pour d\u00e9velopper ses activit\u00e9s et g\u00e8re son propre budget \u00e0 cet effet. La directrice de la Seedling Foundation Patrizia Rezzoli a laiss\u00e9 entrevoir \u00e0 agroecologyworks ! un possible financement de base, les discussions \u00e0 ce sujet avec le comit\u00e9 sont en cours. Le projet \u00ab\u00a0Journ\u00e9es de l&rsquo;agro\u00e9cologie 2022\u00a0\u00bb s&rsquo;est d\u00e9roul\u00e9 de mars \u00e0 fin novembre de cette ann\u00e9e.<\/p>\n\t\t\t\t\t\t\t\t<\/div>\n\t\t\t\t<\/div>\n\t\t\t\t<div class=\"elementor-element elementor-element-4d3ab9a elementor-widget elementor-widget-heading\" data-id=\"4d3ab9a\" data-element_type=\"widget\" data-e-type=\"widget\" data-widget_type=\"heading.default\">\n\t\t\t\t<div class=\"elementor-widget-container\">\n\t\t\t\t\t<h2 class=\"elementor-heading-title elementor-size-default\">C\u00e9r\u00e9monie de lancement<\/h2>\t\t\t\t<\/div>\n\t\t\t\t<\/div>\n\t\t\t\t<div class=\"elementor-element elementor-element-6d827eeb elementor-widget elementor-widget-text-editor\" data-id=\"6d827eeb\" data-element_type=\"widget\" data-e-type=\"widget\" data-widget_type=\"text-editor.default\">\n\t\t\t\t<div class=\"elementor-widget-container\">\n\t\t\t\t\t\t\t\t\t<p>L&rsquo;ouverture des Journ\u00e9es de l&rsquo;agro\u00e9cologie &lsquo;Exp\u00e9rimenter et participer \u00e0 la diversit\u00e9 de l&rsquo;agro\u00e9cologie&rsquo; a \u00e9t\u00e9 \u00e0 la hauteur de son titre. 50 personnes ont appris davantage sur l&rsquo;agro\u00e9cologie \u00e0 travers plusieurs points du programme sur le campus Gr\u00fcental de la ZHAW. La question qui a travers\u00e9 tous les points du programme est la suivante : \u00ab\u00a0Comment vit-on l&rsquo;agro\u00e9cologie aujourd&rsquo;hui et quelles sont les solutions possibles pour changer notre syst\u00e8me alimentaire de mani\u00e8re durable ? Lors du panel, Madeleine Kaufmann de l&rsquo;OFAG a repr\u00e9sent\u00e9 le point de vue de la Conf\u00e9d\u00e9ration, Simon Degelo de SWISSAID a mis en \u00e9vidence le contexte international et Frank Meissner a donn\u00e9 un aper\u00e7u de l&rsquo;agro\u00e9cologie urbaine, c&rsquo;est-\u00e0-dire du d\u00e9veloppement des surfaces agricoles dans les zones urbaines. Matthias Diener de Bergsolawi Surselva et, en tant que repr\u00e9sentante locale, Karin H\u00fcppi Fankhauser de Schluchtalhof ont assur\u00e9 la perspective agricole. La table ronde \u00e9tait dirig\u00e9e par Johanna Jacobi, professeur de transition agro\u00e9cologique \u00e0 l&rsquo;EPF de Zurich et membre du comit\u00e9 directeur d'\u00a0\u00bbAgroecology works ! Apr\u00e8s la table ronde, tous les invit\u00e9s ont eu la possibilit\u00e9 d&rsquo;apporter leur contribution : Trois tables ont permis de mettre en lumi\u00e8re diff\u00e9rentes cultures et traditions alimentaires. Dans le cadre d&rsquo;un atelier de \u00ab\u00a0design thinking\u00a0\u00bb dirig\u00e9 par une psychologue de l&rsquo;environnement, les participants ont explor\u00e9 de mani\u00e8re artistique et r\u00eaveuse la question de savoir \u00e0 quoi pourrait ressembler une Suisse agro-\u00e9cologique. Enfin, les participants se sont lanc\u00e9s dans une promenade de recherche \u00e0 travers les jardins du Gr\u00fcental, o\u00f9 des projets agro-\u00e9cologiques concrets ont \u00e9t\u00e9 pr\u00e9sent\u00e9s. En Suisse romande, deux manifestations de lancement ont \u00e9galement eu lieu, l&rsquo;une ouverte au public et l&rsquo;autre avec des invit\u00e9s.<\/p>\n\t\t\t\t\t\t\t\t<\/div>\n\t\t\t\t<\/div>\n\t\t\t\t<section class=\"elementor-section elementor-inner-section elementor-element elementor-element-96cd6ee elementor-section-boxed elementor-section-height-default elementor-section-height-default rael-particle-no\" data-id=\"96cd6ee\" data-element_type=\"section\" data-e-type=\"section\" data-settings=\"{&quot;rae_animations_entrance&quot;:&quot;none&quot;}\">\n\t\t\t\t\t\t<div class=\"elementor-container elementor-column-gap-default\">\n\t\t\t\t\t<div class=\"elementor-column elementor-col-50 elementor-inner-column elementor-element elementor-element-da18dc5 rael-particle-no\" data-id=\"da18dc5\" data-element_type=\"column\" data-e-type=\"column\">\n\t\t\t<div class=\"elementor-widget-wrap elementor-element-populated\">\n\t\t\t\t\t\t<div class=\"elementor-element elementor-element-8bb2cfa elementor-widget elementor-widget-image\" data-id=\"8bb2cfa\" data-element_type=\"widget\" data-e-type=\"widget\" data-widget_type=\"image.default\">\n\t\t\t\t<div class=\"elementor-widget-container\">\n\t\t\t\t\t\t\t\t\t\t\t\t\t\t\t<img fetchpriority=\"high\" decoding=\"async\" width=\"1024\" height=\"770\" src=\"https:\/\/www.svial.ch\/wp-content\/uploads\/2022\/12\/Bildschirm\u00adfoto-2022-12-12-um-16.40.42-1024x770.png\" class=\"attachment-large size-large wp-image-7256\" alt=\"\" srcset=\"https:\/\/www.svial.ch\/wp-content\/uploads\/2022\/12\/Bildschirm\u00adfoto-2022-12-12-um-16.40.42-1024x770.png 1024w, https:\/\/www.svial.ch\/wp-content\/uploads\/2022\/12\/Bildschirm\u00adfoto-2022-12-12-um-16.40.42-300x226.png 300w, https:\/\/www.svial.ch\/wp-content\/uploads\/2022\/12\/Bildschirm\u00adfoto-2022-12-12-um-16.40.42-768x577.png 768w, https:\/\/www.svial.ch\/wp-content\/uploads\/2022\/12\/Bildschirm\u00adfoto-2022-12-12-um-16.40.42.png 1056w\" sizes=\"(max-width: 1024px) 100vw, 1024px\" \/>\t\t\t\t\t\t\t\t\t\t\t\t\t\t\t<\/div>\n\t\t\t\t<\/div>\n\t\t\t\t\t<\/div>\n\t\t<\/div>\n\t\t\t\t<div class=\"elementor-column elementor-col-50 elementor-inner-column elementor-element elementor-element-e061814 rael-particle-no\" data-id=\"e061814\" data-element_type=\"column\" data-e-type=\"column\">\n\t\t\t<div class=\"elementor-widget-wrap elementor-element-populated\">\n\t\t\t\t\t\t<div class=\"elementor-element elementor-element-9acd135 elementor-widget elementor-widget-image\" data-id=\"9acd135\" data-element_type=\"widget\" data-e-type=\"widget\" data-widget_type=\"image.default\">\n\t\t\t\t<div class=\"elementor-widget-container\">\n\t\t\t\t\t\t\t\t\t\t\t\t\t\t\t<img decoding=\"async\" width=\"1024\" height=\"768\" src=\"https:\/\/www.svial.ch\/wp-content\/uploads\/2022\/12\/Bildschirm\u00adfoto-2022-12-12-um-16.40.49-1024x768.png\" class=\"attachment-large size-large wp-image-7259\" alt=\"\" srcset=\"https:\/\/www.svial.ch\/wp-content\/uploads\/2022\/12\/Bildschirm\u00adfoto-2022-12-12-um-16.40.49-1024x768.png 1024w, https:\/\/www.svial.ch\/wp-content\/uploads\/2022\/12\/Bildschirm\u00adfoto-2022-12-12-um-16.40.49-300x225.png 300w, https:\/\/www.svial.ch\/wp-content\/uploads\/2022\/12\/Bildschirm\u00adfoto-2022-12-12-um-16.40.49-768x576.png 768w, https:\/\/www.svial.ch\/wp-content\/uploads\/2022\/12\/Bildschirm\u00adfoto-2022-12-12-um-16.40.49.png 1058w\" sizes=\"(max-width: 1024px) 100vw, 1024px\" \/>\t\t\t\t\t\t\t\t\t\t\t\t\t\t\t<\/div>\n\t\t\t\t<\/div>\n\t\t\t\t\t<\/div>\n\t\t<\/div>\n\t\t\t\t\t<\/div>\n\t\t<\/section>\n\t\t\t\t<div class=\"elementor-element elementor-element-f9f831b elementor-widget elementor-widget-image\" data-id=\"f9f831b\" data-element_type=\"widget\" data-e-type=\"widget\" data-widget_type=\"image.default\">\n\t\t\t\t<div class=\"elementor-widget-container\">\n\t\t\t\t\t\t\t\t\t\t\t\t\t\t\t<img decoding=\"async\" width=\"1024\" height=\"768\" src=\"https:\/\/www.svial.ch\/wp-content\/uploads\/2022\/12\/P1010782-2-1024x768.jpg\" class=\"attachment-large size-large wp-image-7203\" alt=\"\" srcset=\"https:\/\/www.svial.ch\/wp-content\/uploads\/2022\/12\/P1010782-2-1024x768.jpg 1024w, https:\/\/www.svial.ch\/wp-content\/uploads\/2022\/12\/P1010782-2-300x225.jpg 300w, https:\/\/www.svial.ch\/wp-content\/uploads\/2022\/12\/P1010782-2-768x576.jpg 768w, https:\/\/www.svial.ch\/wp-content\/uploads\/2022\/12\/P1010782-2-1536x1152.jpg 1536w, https:\/\/www.svial.ch\/wp-content\/uploads\/2022\/12\/P1010782-2-2048x1536.jpg 2048w\" sizes=\"(max-width: 1024px) 100vw, 1024px\" \/>\t\t\t\t\t\t\t\t\t\t\t\t\t\t\t<\/div>\n\t\t\t\t<\/div>\n\t\t\t\t<div class=\"elementor-element elementor-element-cdaf37e elementor-widget elementor-widget-heading\" data-id=\"cdaf37e\" data-element_type=\"widget\" data-e-type=\"widget\" data-widget_type=\"heading.default\">\n\t\t\t\t<div class=\"elementor-widget-container\">\n\t\t\t\t\t<h2 class=\"elementor-heading-title elementor-size-default\">Photo 1 : Impressions de la manifestation d'ouverture : participants* au\nPromenade de recherche, atelier \"Design thinking\" et discours d'introduction (de haut en bas)\nde gauche \u00e0 droite en bas).<\/h2>\t\t\t\t<\/div>\n\t\t\t\t<\/div>\n\t\t\t\t<div class=\"elementor-element elementor-element-15e48b4 elementor-widget elementor-widget-heading\" data-id=\"15e48b4\" data-element_type=\"widget\" data-e-type=\"widget\" data-widget_type=\"heading.default\">\n\t\t\t\t<div class=\"elementor-widget-container\">\n\t\t\t\t\t<h2 class=\"elementor-heading-title elementor-size-default\">R\u00e9ception de la TdA<\/h2>\t\t\t\t<\/div>\n\t\t\t\t<\/div>\n\t\t\t\t<div class=\"elementor-element elementor-element-27c5b99 elementor-widget elementor-widget-text-editor\" data-id=\"27c5b99\" data-element_type=\"widget\" data-e-type=\"widget\" data-widget_type=\"text-editor.default\">\n\t\t\t\t<div class=\"elementor-widget-container\">\n\t\t\t\t\t\t\t\t\t<p>Il y a eu au total plus de 2500 participations aux \u00e9v\u00e9nements des Journ\u00e9es de l&rsquo;agro\u00e9cologie. Les \u00e9v\u00e9nements organis\u00e9s le soir et le week-end sont mieux fr\u00e9quent\u00e9s, de m\u00eame que les \u00e9v\u00e9nements qui ne se sont pas appuy\u00e9s uniquement sur les canaux d&rsquo;Agroecology Works ! pour la promotion de l&rsquo;\u00e9v\u00e9nement. En octobre, nous avons enregistr\u00e9 jusqu&rsquo;\u00e0 pr\u00e9sent 5243 visiteurs diff\u00e9rents sur le site. Sur Instagram, Facebook et Twitter, nous avons atteint pr\u00e8s de 20 000 comptes chacun au cours des 30 derniers jours via nos comptes. Cela n&rsquo;inclut pas la port\u00e9e suppl\u00e9mentaire des contributions de plus de 100 organisations partenaires. En plus de nos partenaires, des personnes externes ont partag\u00e9 notre mat\u00e9riel publicitaire et ont atteint des personnes suppl\u00e9mentaires, entre autres la ville de Zurich, le pavillon climatique de Zurich, Transition Town et la gr\u00e8ve du climat. Le nombre r\u00e9el de personnes atteintes est donc nettement plus \u00e9lev\u00e9. Plusieurs messages ont \u00e9galement \u00e9t\u00e9 partag\u00e9s sur Linkedin.<\/p>\n<p>De plus, nous avons \u00e9t\u00e9 promus dans plusieurs newsletters de nos partenaires, notamment celles de Biovision, VSF-Suisse, Permakultur Jetzt !, Klimaneutrale Landwirtschaft Graub\u00fcnden, HEKS et Uniterre. En fin de compte, nous nous sommes mis en r\u00e9seau avec des mouvements internationaux comme Good Food Good Farming et Agroecology Europe. Les journ\u00e9es de l&rsquo;agro\u00e9cologie sont r\u00e9pertori\u00e9es sur le site de Good Food Good Farming et nous allons \u00e9changer pour la s\u00e9rie de manifestations de l&rsquo;ann\u00e9e prochaine afin de relier \u00e9ventuellement les campagnes. Avec Agroecology Europe, nous envisageons un communiqu\u00e9 de presse commun apr\u00e8s la s\u00e9rie d&rsquo;\u00e9v\u00e9nements, qui est actuellement en cours d&rsquo;\u00e9laboration. Les participants nous ont fait part de leurs impressions positives sur la richesse et la diversit\u00e9 de la s\u00e9rie d&rsquo;\u00e9v\u00e9nements. La dur\u00e9e d&rsquo;un mois semble appropri\u00e9e pour montrer la diversit\u00e9 de l&rsquo;agro\u00e9cologie et pour avoir la possibilit\u00e9 de participer \u00e0 plusieurs \u00e9v\u00e9nements. Presque \u00e0 chaque manifestation, il y a aussi des participants qui ont pris connaissance de la s\u00e9rie d&rsquo;\u00e9v\u00e9nements gr\u00e2ce \u00e0 nos affiches et \u00e0 nos flyers. Le d\u00e9nominateur commun de ces personnes est souvent qu&rsquo;elles sont heureuses d&rsquo;\u00e9changer avec des personnes partageant les m\u00eames id\u00e9es, de d\u00e9couvrir des projets pr\u00e8s de chez elles et de trouver des lieux o\u00f9 elles peuvent s&rsquo;engager. Le site Internet rend visible l&rsquo;\u00e9norme quantit\u00e9 d&rsquo;initiatives et de projets. Les organisateurs appr\u00e9cient la plate-forme pour pr\u00e9senter leurs projets et leurs id\u00e9es et pour se mettre mutuellement en r\u00e9seau. Au total, pr\u00e8s de 100 \u00e9v\u00e9nements sont organis\u00e9s par 103 organisations partenaires &#8211; cette \u00e9norme affluence parle d&rsquo;elle-m\u00eame. Beaucoup sont int\u00e9ress\u00e9s \u00e0 devenir membres d&rsquo;Agroecoloy Works ! La continuit\u00e9 des Journ\u00e9es de l&rsquo;agro\u00e9cologie et l&rsquo;importance croissante des Journ\u00e9es de l&rsquo;agro\u00e9cologie sont consid\u00e9r\u00e9es comme allant de soi dans de nombreux endroits.<\/p>\n\t\t\t\t\t\t\t\t<\/div>\n\t\t\t\t<\/div>\n\t\t\t\t<div class=\"elementor-element elementor-element-26442f5f elementor-widget elementor-widget-heading\" data-id=\"26442f5f\" data-element_type=\"widget\" data-e-type=\"widget\" data-widget_type=\"heading.default\">\n\t\t\t\t<div class=\"elementor-widget-container\">\n\t\t\t\t\t<h2 class=\"elementor-heading-title elementor-size-default\">Revue de presse :<\/h2>\t\t\t\t<\/div>\n\t\t\t\t<\/div>\n\t\t\t\t<div class=\"elementor-element elementor-element-7506d486 elementor-widget elementor-widget-text-editor\" data-id=\"7506d486\" data-element_type=\"widget\" data-e-type=\"widget\" data-widget_type=\"text-editor.default\">\n\t\t\t\t<div class=\"elementor-widget-container\">\n\t\t\t\t\t\t\t\t\t<ul>\n<li>Culture et politique, \u00ab\u00a0Manifestation du Bioforum lors des journ\u00e9es de l&rsquo;agro\u00e9cologie<\/li>\n<li>Le Courrier (2.10.22), \u00ab\u00a0Comment sortir de la crise alimentaire ?\u00a0\u00bb<\/li>\n<li>Tagesanzeiger, Der Bund (5.10.22), \u00ab\u00a0Comment sortir de la crise alimentaire ?\u00a0\u00bb<\/li>\n<li>Terre &amp; Nature (6.10.22), \u00ab\u00a0Les paysans sont aux avant-postes pour ressentir l&rsquo;urgence climatique\u00a0\u00bb,  <\/li>\n<li>Limmattalerzeitung (7.10.22), \u00ab\u00a0Ils fournissent la r\u00e9gion en produits bio\u00a0\u00bb,<\/li>\n<li>Berner Oberl\u00e4nder (9.10.22), \u00ab\u00a0La culture mara\u00eech\u00e8re en harmonie avec la nature\u00a0\u00bb.<\/li>\n<li>Le Temps (10.10.22), \u00ab\u00a0Perrine Herv\u00e9-Gruyer : \u00ab\u00a0L&rsquo;agro\u00e9cologie a le potentiel de faire face aux crises actuelles\u00a0\u00bb\u00a0\u00bb.<\/li>\n<li>Bio Aktuell \/ Bio Actualit\u00e9s (14.10.22), \u00ab\u00a0Agrar\u00f6kologie f\u00fcr alle\u00a0\u00bb \/ \u00ab\u00a0Agro\u00e9cologie pour tous<\/li>\n<li>Die Wochenzeitung (20.10.22), \u00ab\u00a0G\u00e9nie g\u00e9n\u00e9tique et semences\u00a0\u00bb.<\/li>\n<li>W\u00e4denswiler Anzeiger (26.10.22), \u00ab\u00a0Les \u00ab\u00a0Journ\u00e9es de l&rsquo;agro\u00e9cologie\u00a0\u00bb ont commenc\u00e9 \u00e0 W\u00e4denswil\u00a0\u00bb.<\/li>\n<li>Culture et politique (pr\u00e9vu pour d\u00e9cembre) : Deux articles sur des \u00e9v\u00e9nements et un article sur le r\u00e9seau Agroecology Works !<\/li>\n<li>\u00c9cologie et agriculture (pr\u00e9vu pour janvier) : contribution au concept d&rsquo;agro\u00e9cologie<\/li>\n<\/ul>\n\t\t\t\t\t\t\t\t<\/div>\n\t\t\t\t<\/div>\n\t\t\t\t<div class=\"elementor-element elementor-element-30bfbef6 elementor-widget elementor-widget-heading\" data-id=\"30bfbef6\" data-element_type=\"widget\" data-e-type=\"widget\" data-widget_type=\"heading.default\">\n\t\t\t\t<div class=\"elementor-widget-container\">\n\t\t\t\t\t<h2 class=\"elementor-heading-title elementor-size-default\">L'avenir de la TdA<\/h2>\t\t\t\t<\/div>\n\t\t\t\t<\/div>\n\t\t\t\t<div class=\"elementor-element elementor-element-7cae8f7 elementor-widget elementor-widget-text-editor\" data-id=\"7cae8f7\" data-element_type=\"widget\" data-e-type=\"widget\" data-widget_type=\"text-editor.default\">\n\t\t\t\t<div class=\"elementor-widget-container\">\n\t\t\t\t\t\t\t\t\t<p class=\"p1\">Les journ\u00e9es de l&rsquo;agro\u00e9cologie sont per\u00e7ues comme un instrument important du r\u00e9seau agroecologyworks ! Les TdA permettent d&rsquo;influencer les r\u00e9cits. Les Journ\u00e9es de l&rsquo;agro\u00e9cologie sont \u00e9galement d&rsquo;une importance capitale, car elles montrent que l&rsquo;agro\u00e9cologie est une approche importante qui suscite un grand int\u00e9r\u00eat en Suisse et ailleurs. N\u00e9anmoins, agroecologyworks ! est bien plus que les journ\u00e9es de l&rsquo;agro\u00e9cologie et cela doit \u00eatre clair.<\/p>\n<p class=\"p1\">Il faut esp\u00e9rer que la s\u00e9rie d&rsquo;\u00e9v\u00e9nements pourra continuer \u00e0 avoir lieu. La mesure dans laquelle cela est possible d\u00e9pend fortement de l&rsquo;engagement du personnel, de l&rsquo;occupation et des ressources financi\u00e8res. Plusieurs sc\u00e9narios sont envisageables et ont \u00e9t\u00e9 discut\u00e9s aussi bien au sein du groupe de travail Journ\u00e9es de l&rsquo;agro\u00e9cologie que du comit\u00e9 directeur.<\/p>\n<p class=\"p1\">1) Coordination principale itin\u00e9rante dans diff\u00e9rentes parties de la Suisse. En 2021 et 2022, la coordination principale se trouvait en Suisse al\u00e9manique urbaine, en 2023 elle pourrait \u00eatre en Suisse romande, en 2024 au Tessin, \u00e9ventuellement aussi parfois en zone rurale.<\/p>\n<p class=\"p1\">2) Comme en 2021, les Journ\u00e9es de l&rsquo;agro\u00e9cologie pourraient \u00eatre plus th\u00e9matiques l&rsquo;ann\u00e9e prochaine.<\/p>\n<p class=\"p1\"><span class=\"s1\">3) <\/span>Organiser, en tant que r\u00e9seau, ses propres manifestations sur des th\u00e8mes prioritaires et r\u00e9unir ainsi diff\u00e9rentes organisations. Laisser les organisations partenaires s&rsquo;organiser le plus librement possible<\/p>\n\t\t\t\t\t\t\t\t<\/div>\n\t\t\t\t<\/div>\n\t\t\t\t<div class=\"elementor-element elementor-element-7973b53 elementor-align-center animated-slow elementor-widget elementor-widget-button\" data-id=\"7973b53\" data-element_type=\"widget\" data-e-type=\"widget\" data-settings=\"{&quot;_animation&quot;:&quot;none&quot;,&quot;_animation_delay&quot;:200}\" data-widget_type=\"button.default\">\n\t\t\t\t<div class=\"elementor-widget-container\">\n\t\t\t\t\t\t\t\t\t<div class=\"elementor-button-wrapper\">\n\t\t\t\t\t<a class=\"elementor-button elementor-button-link elementor-size-sm\" href=\"https:\/\/www.svial.ch\/fr\/notre-reseau\/#netzwerknews\">\n\t\t\t\t\t\t<span class=\"elementor-button-content-wrapper\">\n\t\t\t\t\t\t<span class=\"elementor-button-icon\">\n\t\t\t\t\t\t\t<\/span>\n\t\t\t\t\t\t\t\t\t<span class=\"elementor-button-text\">Notre r\u00e9seau - Actualit\u00e9s de notre r\u00e9seau<\/span>\n\t\t\t\t\t<\/span>\n\t\t\t\t\t<\/a>\n\t\t\t\t<\/div>\n\t\t\t\t\t\t\t\t<\/div>\n\t\t\t\t<\/div>\n\t\t\t\t\t<\/div>\n\t\t<\/div>\n\t\t\t\t\t<\/div>\n\t\t<\/section>\n\t\t\t\t<\/div>\n\t\t","protected":false},"excerpt":{"rendered":"<p>L&rsquo;automne dernier, nous avons eu le plaisir de participer \u00e0 la s\u00e9rie de manifestations \u00ab\u00a0Journ\u00e9es de l&rsquo;agro\u00e9cologie\u00a0\u00bb avec l&rsquo;\u00e9v\u00e9nement \u00ab\u00a0L&rsquo;agro\u00e9cologie dans la politique agricole suisse\u00a0\u00bb. Voici maintenant le rapport de cette vaste s\u00e9rie d&rsquo;\u00e9v\u00e9nements.<\/p>\n","protected":false},"author":1,"featured_media":7304,"comment_status":"closed","ping_status":"open","sticky":false,"template":"elementor_canvas","format":"gallery","meta":{"ocean_post_layout":"full-screen","ocean_both_sidebars_style":"","ocean_both_sidebars_content_width":0,"ocean_both_sidebars_sidebars_width":0,"ocean_sidebar":"0","ocean_second_sidebar":"0","ocean_disable_margins":"enable","ocean_add_body_class":"","ocean_shortcode_before_top_bar":"","ocean_shortcode_after_top_bar":"","ocean_shortcode_before_header":"","ocean_shortcode_after_header":"","ocean_has_shortcode":"","ocean_shortcode_after_title":"","ocean_shortcode_before_footer_widgets":"","ocean_shortcode_after_footer_widgets":"","ocean_shortcode_before_footer_bottom":"","ocean_shortcode_after_footer_bottom":"","ocean_display_top_bar":"off","ocean_display_header":"default","ocean_header_style":"","ocean_center_header_left_menu":"0","ocean_custom_header_template":"0","ocean_custom_logo":0,"ocean_custom_retina_logo":0,"ocean_custom_logo_max_width":0,"ocean_custom_logo_tablet_max_width":0,"ocean_custom_logo_mobile_max_width":0,"ocean_custom_logo_max_height":0,"ocean_custom_logo_tablet_max_height":0,"ocean_custom_logo_mobile_max_height":0,"ocean_header_custom_menu":"0","ocean_menu_typo_font_family":"0","ocean_menu_typo_font_subset":"","ocean_menu_typo_font_size":0,"ocean_menu_typo_font_size_tablet":0,"ocean_menu_typo_font_size_mobile":0,"ocean_menu_typo_font_size_unit":"px","ocean_menu_typo_font_weight":"","ocean_menu_typo_font_weight_tablet":"","ocean_menu_typo_font_weight_mobile":"","ocean_menu_typo_transform":"","ocean_menu_typo_transform_tablet":"","ocean_menu_typo_transform_mobile":"","ocean_menu_typo_line_height":0,"ocean_menu_typo_line_height_tablet":0,"ocean_menu_typo_line_height_mobile":0,"ocean_menu_typo_line_height_unit":"","ocean_menu_typo_spacing":0,"ocean_menu_typo_spacing_tablet":0,"ocean_menu_typo_spacing_mobile":0,"ocean_menu_typo_spacing_unit":"","ocean_menu_link_color":"","ocean_menu_link_color_hover":"","ocean_menu_link_color_active":"","ocean_menu_link_background":"","ocean_menu_link_hover_background":"","ocean_menu_link_active_background":"","ocean_menu_social_links_bg":"","ocean_menu_social_hover_links_bg":"","ocean_menu_social_links_color":"","ocean_menu_social_hover_links_color":"","ocean_disable_title":"on","ocean_disable_heading":"default","ocean_post_title":"","ocean_post_subheading":"","ocean_post_title_style":"","ocean_post_title_background_color":"","ocean_post_title_background":0,"ocean_post_title_bg_image_position":"","ocean_post_title_bg_image_attachment":"","ocean_post_title_bg_image_repeat":"","ocean_post_title_bg_image_size":"","ocean_post_title_height":0,"ocean_post_title_bg_overlay":0.5,"ocean_post_title_bg_overlay_color":"","ocean_disable_breadcrumbs":"default","ocean_breadcrumbs_color":"","ocean_breadcrumbs_separator_color":"","ocean_breadcrumbs_links_color":"","ocean_breadcrumbs_links_hover_color":"","ocean_display_footer_widgets":"off","ocean_display_footer_bottom":"off","ocean_custom_footer_template":"0","iawp_total_views":1,"ocean_post_oembed":"","ocean_post_self_hosted_media":"","ocean_post_video_embed":"","ocean_link_format":"","ocean_link_format_target":"self","ocean_quote_format":"","ocean_quote_format_link":"post","ocean_gallery_link_images":"on","ocean_gallery_id":[],"footnotes":""},"categories":[40],"tags":[],"class_list":["post-8052","post","type-post","status-publish","format-gallery","has-post-thumbnail","hentry","category-actualites-de-notre-reseau","post_format-post-format-gallery","entry","has-media"],"_links":{"self":[{"href":"https:\/\/www.svial.ch\/fr\/wp-json\/wp\/v2\/posts\/8052","targetHints":{"allow":["GET"]}}],"collection":[{"href":"https:\/\/www.svial.ch\/fr\/wp-json\/wp\/v2\/posts"}],"about":[{"href":"https:\/\/www.svial.ch\/fr\/wp-json\/wp\/v2\/types\/post"}],"author":[{"embeddable":true,"href":"https:\/\/www.svial.ch\/fr\/wp-json\/wp\/v2\/users\/1"}],"replies":[{"embeddable":true,"href":"https:\/\/www.svial.ch\/fr\/wp-json\/wp\/v2\/comments?post=8052"}],"version-history":[{"count":3,"href":"https:\/\/www.svial.ch\/fr\/wp-json\/wp\/v2\/posts\/8052\/revisions"}],"predecessor-version":[{"id":8190,"href":"https:\/\/www.svial.ch\/fr\/wp-json\/wp\/v2\/posts\/8052\/revisions\/8190"}],"wp:featuredmedia":[{"embeddable":true,"href":"https:\/\/www.svial.ch\/fr\/wp-json\/wp\/v2\/media\/7304"}],"wp:attachment":[{"href":"https:\/\/www.svial.ch\/fr\/wp-json\/wp\/v2\/media?parent=8052"}],"wp:term":[{"taxonomy":"category","embeddable":true,"href":"https:\/\/www.svial.ch\/fr\/wp-json\/wp\/v2\/categories?post=8052"},{"taxonomy":"post_tag","embeddable":true,"href":"https:\/\/www.svial.ch\/fr\/wp-json\/wp\/v2\/tags?post=8052"}],"curies":[{"name":"wp","href":"https:\/\/api.w.org\/{rel}","templated":true}]}}