{"id":8727,"date":"2023-02-16T14:49:00","date_gmt":"2023-02-16T14:49:00","guid":{"rendered":"https:\/\/www.svial.ch\/agricultura-regeneratio-verein-fuer-regenerative-land-und-ernaehrungswirtschaft\/"},"modified":"2023-02-24T14:16:20","modified_gmt":"2023-02-24T14:16:20","slug":"agricultura-regeneratio-verein-fuer-regenerative-land-und-ernaehrungswirtschaft","status":"publish","type":"post","link":"https:\/\/www.svial.ch\/fr\/agricultura-regeneratio-verein-fuer-regenerative-land-und-ernaehrungswirtschaft\/","title":{"rendered":"Agricultura Regeneratio &#8211; Verein f\u00fcr regenerative Land- und Ern\u00e4hrungswirtschaft"},"content":{"rendered":"\t\t<div data-elementor-type=\"wp-post\" data-elementor-id=\"8727\" class=\"elementor elementor-8727 elementor-8489\" data-elementor-post-type=\"post\">\n\t\t\t\t\t\t<section class=\"elementor-section elementor-top-section elementor-element elementor-element-6c3bf661 elementor-section-full_width elementor-section-height-default elementor-section-height-default rael-particle-no\" data-id=\"6c3bf661\" data-element_type=\"section\" data-e-type=\"section\" data-settings=\"{&quot;background_background&quot;:&quot;classic&quot;,&quot;rae_animations_entrance&quot;:&quot;none&quot;}\">\n\t\t\t\t\t\t<div class=\"elementor-container elementor-column-gap-default\">\n\t\t\t\t\t<div class=\"elementor-column elementor-col-100 elementor-top-column elementor-element elementor-element-35b3b79f rael-particle-no\" data-id=\"35b3b79f\" data-element_type=\"column\" data-e-type=\"column\">\n\t\t\t<div class=\"elementor-widget-wrap elementor-element-populated\">\n\t\t\t\t\t\t<div class=\"elementor-element elementor-element-726e23c elementor-widget elementor-widget-image\" data-id=\"726e23c\" data-element_type=\"widget\" data-e-type=\"widget\" data-widget_type=\"image.default\">\n\t\t\t\t<div class=\"elementor-widget-container\">\n\t\t\t\t\t\t\t\t\t\t\t\t\t\t\t<img decoding=\"async\" src=\"https:\/\/www.svial.ch\/wp-content\/uploads\/elementor\/thumbs\/Agricultura_regeneratio_header-1-q2jd3jy7bajbdfpu4qxz7waphr3bv8tz2uzmrbiz6o.png\" title=\"Agricultura_regeneratio_header\" alt=\"Agricultura_regeneratio_header\" loading=\"lazy\" \/>\t\t\t\t\t\t\t\t\t\t\t\t\t\t\t<\/div>\n\t\t\t\t<\/div>\n\t\t\t\t\t<\/div>\n\t\t<\/div>\n\t\t\t\t\t<\/div>\n\t\t<\/section>\n\t\t\t\t<section class=\"elementor-section elementor-top-section elementor-element elementor-element-17af952a elementor-section-boxed elementor-section-height-default elementor-section-height-default rael-particle-no\" data-id=\"17af952a\" data-element_type=\"section\" data-e-type=\"section\" data-settings=\"{&quot;background_background&quot;:&quot;classic&quot;,&quot;rae_animations_entrance&quot;:&quot;none&quot;}\">\n\t\t\t\t\t\t<div class=\"elementor-container elementor-column-gap-default\">\n\t\t\t\t\t<div class=\"elementor-column elementor-col-100 elementor-top-column elementor-element elementor-element-6183ff83 rael-particle-no\" data-id=\"6183ff83\" data-element_type=\"column\" data-e-type=\"column\" data-settings=\"{&quot;background_background&quot;:&quot;classic&quot;}\">\n\t\t\t<div class=\"elementor-widget-wrap elementor-element-populated\">\n\t\t\t\t\t\t<div class=\"elementor-element elementor-element-6e30f0f8 elementor-widget elementor-widget-heading\" data-id=\"6e30f0f8\" data-element_type=\"widget\" data-e-type=\"widget\" data-widget_type=\"heading.default\">\n\t\t\t\t<div class=\"elementor-widget-container\">\n\t\t\t\t\t<h2 class=\"elementor-heading-title elementor-size-default\">Der Verein Agricultura Regeneratio<\/h2>\t\t\t\t<\/div>\n\t\t\t\t<\/div>\n\t\t\t\t<div class=\"elementor-element elementor-element-3fbf6388 elementor-widget elementor-widget-text-editor\" data-id=\"3fbf6388\" data-element_type=\"widget\" data-e-type=\"widget\" data-widget_type=\"text-editor.default\">\n\t\t\t\t<div class=\"elementor-widget-container\">\n\t\t\t\t\t\t\t\t\t<p>Die Schweiz braucht eine regenerative Landwirtschaft, denn die wertvollen landwirtschaftlichen B\u00f6den sind teils in besorgniserregendem Zustand. Gesunde B\u00f6den sind eine Grundlage f\u00fcr gesunde Lebensmittel. Deshalb ist die Schweizer M\u00fcesliherstellerin bio-familia seit 2022 Mitglied des Vereins \u201cAgricultura Regeneratio\u201d, welcher die regenerative Landwirtschaft f\u00f6rdert. Dank ihrer Unterst\u00fctzung soll Getreide in regenerativer Weise erzeugt werden.<\/p>\n\t\t\t\t\t\t\t\t<\/div>\n\t\t\t\t<\/div>\n\t\t\t\t<div class=\"elementor-element elementor-element-6d827eeb elementor-widget elementor-widget-text-editor\" data-id=\"6d827eeb\" data-element_type=\"widget\" data-e-type=\"widget\" data-widget_type=\"text-editor.default\">\n\t\t\t\t<div class=\"elementor-widget-container\">\n\t\t\t\t\t\t\t\t\t<p>Der <a href=\"https:\/\/www.linkedin.com\/company\/verein-agricultura-regeneratio\/\" data-attribute-index=\"0\" data-entity-hovercard-id=\"urn:li:fs_miniCompany:29314389\" data-entity-type=\"MINI_COMPANY\">Verein Agricultura Regeneratio<\/a> engagiert sich seit 2019 f\u00fcr die regenerative Landwirtschaft. Dank angepasster Methoden arbeiten regenerativ produzierende Betriebe umwelt- und klimaschonend, f\u00f6rdern den Humusaufbau, sch\u00fctzen das Klima und steigern die Biodiversit\u00e4t. Mit gesundem Boden sinkt der Bedarf an D\u00fcngemitteln und Pestiziden, und die N\u00e4hrstoffdichte der so produzierten Lebensmittel verbessert sich.<\/p>\n\t\t\t\t\t\t\t\t<\/div>\n\t\t\t\t<\/div>\n\t\t\t\t<div class=\"elementor-element elementor-element-27c5b99 elementor-widget elementor-widget-text-editor\" data-id=\"27c5b99\" data-element_type=\"widget\" data-e-type=\"widget\" data-widget_type=\"text-editor.default\">\n\t\t\t\t<div class=\"elementor-widget-container\">\n\t\t\t\t\t\t\t\t\t<p>Seit einem Jahr k\u00f6nnen Mitgliedsbetriebe die Marke \u201eAgricultura Regeneratio\u201c nutzen. Als Bedingung daf\u00fcr erstellen sie einen Klimafussabdruck f\u00fcr die Produkte und eine Humusbilanz mit anerkannten, wissenschaftlich fundierten Online-Rechnern. Damit haben sie eine nachpr\u00fcfbare Best\u00e4tigung f\u00fcr ihre umweltschonende Arbeitsweise und k\u00f6nnen den Mehrwert am Markt geltend machen.<br \/>Dies ist ganz im Sinne von bio-familia, der Pionierin des biologischen Landbaus in der Schweiz. Gemeinsam mit der Sachsler M\u00fcesli-Herstellerin hat der Verein \u201eAgricultura Regeneratio\u201c im Jahr 2022 ein Projekt lanciert, um Landwirtschaftsbetriebe zu unterst\u00fctzen, die Getreide regenerativ anbauen. Vier Betriebe haben beim Pilotprojekt teilgenommen und eine Pr\u00e4mie von CHF 3.- pro Dezitonne regenerativ produziertes Getreide erhalten.<br \/>Nun wird die Zusammenarbeit und damit der regenerative Anbau von Getreide ausgedehnt. \u201eAgricultura Regeneratio\u201c und bio-familia wollen 2023 weitere Betriebe ins Projekt aufnehmen. Getreidekulturen wie Hafer, Weizen, Dinkel, Roggen k\u00f6nnen angemeldet werden. Dabei profitiert der Betrieb von einer unterst\u00fctzenden Partnerschaft und erh\u00e4lt eine Pr\u00e4mie.<\/p>\n\t\t\t\t\t\t\t\t<\/div>\n\t\t\t\t<\/div>\n\t\t\t\t<div class=\"elementor-element elementor-element-30bfbef6 elementor-widget elementor-widget-heading\" data-id=\"30bfbef6\" data-element_type=\"widget\" data-e-type=\"widget\" data-widget_type=\"heading.default\">\n\t\t\t\t<div class=\"elementor-widget-container\">\n\t\t\t\t\t<h2 class=\"elementor-heading-title elementor-size-default\">Plus d'informations<\/h2>\t\t\t\t<\/div>\n\t\t\t\t<\/div>\n\t\t\t\t<div class=\"elementor-element elementor-element-7cae8f7 elementor-widget elementor-widget-text-editor\" data-id=\"7cae8f7\" data-element_type=\"widget\" data-e-type=\"widget\" data-widget_type=\"text-editor.default\">\n\t\t\t\t<div class=\"elementor-widget-container\">\n\t\t\t\t\t\t\t\t\t<p><span style=\"text-decoration: underline;\"><a href=\"https:\/\/www.agricultura-regeneratio.ch\/\" target=\"_blank\" rel=\"noopener\">Verein agricultura regeneratio<\/a><\/span><\/p>\n\t\t\t\t\t\t\t\t<\/div>\n\t\t\t\t<\/div>\n\t\t\t\t<div class=\"elementor-element elementor-element-7973b53 elementor-align-center animated-slow elementor-widget elementor-widget-button\" data-id=\"7973b53\" data-element_type=\"widget\" data-e-type=\"widget\" data-settings=\"{&quot;_animation&quot;:&quot;none&quot;,&quot;_animation_delay&quot;:200}\" data-widget_type=\"button.default\">\n\t\t\t\t<div class=\"elementor-widget-container\">\n\t\t\t\t\t\t\t\t\t<div class=\"elementor-button-wrapper\">\n\t\t\t\t\t<a class=\"elementor-button elementor-button-link elementor-size-sm\" href=\"https:\/\/svial.ch\/unser-netzwerk\/#netzwerknews\">\n\t\t\t\t\t\t<span class=\"elementor-button-content-wrapper\">\n\t\t\t\t\t\t<span class=\"elementor-button-icon\">\n\t\t\t\t\t\t\t<\/span>\n\t\t\t\t\t\t\t\t\t<span class=\"elementor-button-text\">Notre r\u00e9seau - Actualit\u00e9s de notre r\u00e9seau<\/span>\n\t\t\t\t\t<\/span>\n\t\t\t\t\t<\/a>\n\t\t\t\t<\/div>\n\t\t\t\t\t\t\t\t<\/div>\n\t\t\t\t<\/div>\n\t\t\t\t\t<\/div>\n\t\t<\/div>\n\t\t\t\t\t<\/div>\n\t\t<\/section>\n\t\t\t\t<\/div>\n\t\t","protected":false},"excerpt":{"rendered":"<p>-Mitglied Daniel B\u00e4rtschi ist der Pr\u00e4sident von dem Verein Agricultura Regeneratio. Gemeinsam mit anderen Machern setzt er sich f\u00fcr die regenerative Land- und Ern\u00e4hrungswirtschaft ein und m\u00f6chte diese an die \u00d6ffentlichkeit bringen.<\/p>\n","protected":false},"author":1,"featured_media":8530,"comment_status":"closed","ping_status":"open","sticky":false,"template":"elementor_header_footer","format":"gallery","meta":{"ocean_post_layout":"full-screen","ocean_both_sidebars_style":"","ocean_both_sidebars_content_width":0,"ocean_both_sidebars_sidebars_width":0,"ocean_sidebar":"0","ocean_second_sidebar":"0","ocean_disable_margins":"on","ocean_add_body_class":"","ocean_shortcode_before_top_bar":"","ocean_shortcode_after_top_bar":"","ocean_shortcode_before_header":"","ocean_shortcode_after_header":"","ocean_has_shortcode":"","ocean_shortcode_after_title":"","ocean_shortcode_before_footer_widgets":"","ocean_shortcode_after_footer_widgets":"","ocean_shortcode_before_footer_bottom":"","ocean_shortcode_after_footer_bottom":"","ocean_display_top_bar":"off","ocean_display_header":"default","ocean_header_style":"","ocean_center_header_left_menu":"0","ocean_custom_header_template":"0","ocean_custom_logo":0,"ocean_custom_retina_logo":0,"ocean_custom_logo_max_width":0,"ocean_custom_logo_tablet_max_width":0,"ocean_custom_logo_mobile_max_width":0,"ocean_custom_logo_max_height":0,"ocean_custom_logo_tablet_max_height":0,"ocean_custom_logo_mobile_max_height":0,"ocean_header_custom_menu":"0","ocean_menu_typo_font_family":"0","ocean_menu_typo_font_subset":"","ocean_menu_typo_font_size":0,"ocean_menu_typo_font_size_tablet":0,"ocean_menu_typo_font_size_mobile":0,"ocean_menu_typo_font_size_unit":"px","ocean_menu_typo_font_weight":"","ocean_menu_typo_font_weight_tablet":"","ocean_menu_typo_font_weight_mobile":"","ocean_menu_typo_transform":"","ocean_menu_typo_transform_tablet":"","ocean_menu_typo_transform_mobile":"","ocean_menu_typo_line_height":0,"ocean_menu_typo_line_height_tablet":0,"ocean_menu_typo_line_height_mobile":0,"ocean_menu_typo_line_height_unit":"","ocean_menu_typo_spacing":0,"ocean_menu_typo_spacing_tablet":0,"ocean_menu_typo_spacing_mobile":0,"ocean_menu_typo_spacing_unit":"","ocean_menu_link_color":"","ocean_menu_link_color_hover":"","ocean_menu_link_color_active":"","ocean_menu_link_background":"","ocean_menu_link_hover_background":"","ocean_menu_link_active_background":"","ocean_menu_social_links_bg":"","ocean_menu_social_hover_links_bg":"","ocean_menu_social_links_color":"","ocean_menu_social_hover_links_color":"","ocean_disable_title":"on","ocean_disable_heading":"default","ocean_post_title":"","ocean_post_subheading":"","ocean_post_title_style":"","ocean_post_title_background_color":"","ocean_post_title_background":0,"ocean_post_title_bg_image_position":"","ocean_post_title_bg_image_attachment":"","ocean_post_title_bg_image_repeat":"","ocean_post_title_bg_image_size":"","ocean_post_title_height":0,"ocean_post_title_bg_overlay":0.5,"ocean_post_title_bg_overlay_color":"","ocean_disable_breadcrumbs":"default","ocean_breadcrumbs_color":"","ocean_breadcrumbs_separator_color":"","ocean_breadcrumbs_links_color":"","ocean_breadcrumbs_links_hover_color":"","ocean_display_footer_widgets":"default","ocean_display_footer_bottom":"default","ocean_custom_footer_template":"0","iawp_total_views":1,"ocean_post_oembed":"","ocean_post_self_hosted_media":"","ocean_post_video_embed":"","ocean_link_format":"","ocean_link_format_target":"self","ocean_quote_format":"","ocean_quote_format_link":"post","ocean_gallery_link_images":"on","ocean_gallery_id":[],"footnotes":""},"categories":[40],"tags":[],"class_list":["post-8727","post","type-post","status-publish","format-gallery","has-post-thumbnail","hentry","category-actualites-de-notre-reseau","post_format-post-format-gallery","entry","has-media"],"_links":{"self":[{"href":"https:\/\/www.svial.ch\/fr\/wp-json\/wp\/v2\/posts\/8727","targetHints":{"allow":["GET"]}}],"collection":[{"href":"https:\/\/www.svial.ch\/fr\/wp-json\/wp\/v2\/posts"}],"about":[{"href":"https:\/\/www.svial.ch\/fr\/wp-json\/wp\/v2\/types\/post"}],"author":[{"embeddable":true,"href":"https:\/\/www.svial.ch\/fr\/wp-json\/wp\/v2\/users\/1"}],"replies":[{"embeddable":true,"href":"https:\/\/www.svial.ch\/fr\/wp-json\/wp\/v2\/comments?post=8727"}],"version-history":[{"count":3,"href":"https:\/\/www.svial.ch\/fr\/wp-json\/wp\/v2\/posts\/8727\/revisions"}],"predecessor-version":[{"id":8730,"href":"https:\/\/www.svial.ch\/fr\/wp-json\/wp\/v2\/posts\/8727\/revisions\/8730"}],"wp:featuredmedia":[{"embeddable":true,"href":"https:\/\/www.svial.ch\/fr\/wp-json\/wp\/v2\/media\/8530"}],"wp:attachment":[{"href":"https:\/\/www.svial.ch\/fr\/wp-json\/wp\/v2\/media?parent=8727"}],"wp:term":[{"taxonomy":"category","embeddable":true,"href":"https:\/\/www.svial.ch\/fr\/wp-json\/wp\/v2\/categories?post=8727"},{"taxonomy":"post_tag","embeddable":true,"href":"https:\/\/www.svial.ch\/fr\/wp-json\/wp\/v2\/tags?post=8727"}],"curies":[{"name":"wp","href":"https:\/\/api.w.org\/{rel}","templated":true}]}}