{"id":9220,"date":"2023-03-09T13:55:43","date_gmt":"2023-03-09T13:55:43","guid":{"rendered":"https:\/\/www.svial.ch\/ulrich-ryser-tritt-als-direktor-der-agridea-zurueck\/"},"modified":"2023-04-12T11:51:12","modified_gmt":"2023-04-12T11:51:12","slug":"ulrich-ryser-tritt-als-direktor-der-agridea-zurueck","status":"publish","type":"post","link":"https:\/\/www.svial.ch\/fr\/ulrich-ryser-tritt-als-direktor-der-agridea-zurueck\/","title":{"rendered":"Ulrich Ryser tritt als Direktor der AGRIDEA zur\u00fcck"},"content":{"rendered":"\t\t<div data-elementor-type=\"wp-post\" data-elementor-id=\"9220\" class=\"elementor elementor-9220 elementor-8842\" data-elementor-post-type=\"post\">\n\t\t\t\t\t\t<section class=\"elementor-section elementor-top-section elementor-element elementor-element-6c3bf661 elementor-section-full_width elementor-section-height-default elementor-section-height-default rael-particle-no\" data-id=\"6c3bf661\" data-element_type=\"section\" data-e-type=\"section\" data-settings=\"{&quot;background_background&quot;:&quot;classic&quot;,&quot;rae_animations_entrance&quot;:&quot;none&quot;}\">\n\t\t\t\t\t\t<div class=\"elementor-container elementor-column-gap-default\">\n\t\t\t\t\t<div class=\"elementor-column elementor-col-100 elementor-top-column elementor-element elementor-element-35b3b79f rael-particle-no\" data-id=\"35b3b79f\" data-element_type=\"column\" data-e-type=\"column\">\n\t\t\t<div class=\"elementor-widget-wrap elementor-element-populated\">\n\t\t\t\t\t\t<div class=\"elementor-element elementor-element-726e23c elementor-widget elementor-widget-image\" data-id=\"726e23c\" data-element_type=\"widget\" data-e-type=\"widget\" data-widget_type=\"image.default\">\n\t\t\t\t<div class=\"elementor-widget-container\">\n\t\t\t\t\t\t\t\t\t\t\t\t\t\t\t<img decoding=\"async\" src=\"https:\/\/www.svial.ch\/wp-content\/uploads\/elementor\/thumbs\/AGRIDEA_Logo_bannerjpg-q39i5k6zj0z23o0td7bf1eel78pj6365vfc1869odc.jpg\" title=\"AGRIDEA_Logo_bannerjpg\" alt=\"AGRIDEA_Logo_bannerjpg\" loading=\"lazy\" \/>\t\t\t\t\t\t\t\t\t\t\t\t\t\t\t<\/div>\n\t\t\t\t<\/div>\n\t\t\t\t\t<\/div>\n\t\t<\/div>\n\t\t\t\t\t<\/div>\n\t\t<\/section>\n\t\t\t\t<section class=\"elementor-section elementor-top-section elementor-element elementor-element-17af952a elementor-section-boxed elementor-section-height-default elementor-section-height-default rael-particle-no\" data-id=\"17af952a\" data-element_type=\"section\" data-e-type=\"section\" data-settings=\"{&quot;background_background&quot;:&quot;classic&quot;,&quot;rae_animations_entrance&quot;:&quot;none&quot;}\">\n\t\t\t\t\t\t<div class=\"elementor-container elementor-column-gap-default\">\n\t\t\t\t\t<div class=\"elementor-column elementor-col-100 elementor-top-column elementor-element elementor-element-6183ff83 rael-particle-no\" data-id=\"6183ff83\" data-element_type=\"column\" data-e-type=\"column\" data-settings=\"{&quot;background_background&quot;:&quot;classic&quot;}\">\n\t\t\t<div class=\"elementor-widget-wrap elementor-element-populated\">\n\t\t\t\t\t\t<div class=\"elementor-element elementor-element-6e30f0f8 elementor-widget elementor-widget-heading\" data-id=\"6e30f0f8\" data-element_type=\"widget\" data-e-type=\"widget\" data-widget_type=\"heading.default\">\n\t\t\t\t<div class=\"elementor-widget-container\">\n\t\t\t\t\t<h2 class=\"elementor-heading-title elementor-size-default\">Ulrich Ryser tritt als Direktor der AGRIDEA zuru\u0308ck<\/h2>\t\t\t\t<\/div>\n\t\t\t\t<\/div>\n\t\t\t\t<div class=\"elementor-element elementor-element-3fbf6388 elementor-widget elementor-widget-text-editor\" data-id=\"3fbf6388\" data-element_type=\"widget\" data-e-type=\"widget\" data-widget_type=\"text-editor.default\">\n\t\t\t\t<div class=\"elementor-widget-container\">\n\t\t\t\t\t\t\t\t\t<p class=\"p1\"><i>Lindau, Lausanne, Cadenazzo, 6. M\u00e4rz 2023. Nach rund 13 Jahren an der Spitze der AGRIDEA hat Ulrich Ryser entschieden, die landwirtschaftliche Beratungszentrale aus pers\u00f6nlichen Gru\u0308nden zu verlassen. Er wird seine Aufgaben als Direktor bis Ende August 2023 wahrnehmen. Der Vorstand und die Pr\u00e4sidentin bedauern seinen Ru\u0308cktritt ausserordentlich und werden in Ku\u0308rze mit dem Rekrutierungsprozess beginnen.<\/i><\/p>\n\t\t\t\t\t\t\t\t<\/div>\n\t\t\t\t<\/div>\n\t\t\t\t<div class=\"elementor-element elementor-element-6d827eeb elementor-widget elementor-widget-text-editor\" data-id=\"6d827eeb\" data-element_type=\"widget\" data-e-type=\"widget\" data-widget_type=\"text-editor.default\">\n\t\t\t\t<div class=\"elementor-widget-container\">\n\t\t\t\t\t\t\t\t\t<p class=\"p1\">\u00abDie Hauptaufgabe, die mir 2010 bei meiner Anstellung anvertraut wurde, war die beiden Standorte Lindau und Lausanne erfolgreich zusammen zu fu\u0308hren, was gelungen ist. Im Laufe der Jahre hat sich die AGRIDEA als dynamische, marktorientierte und kosteneffiziente Organisation positioniert. Ich habe die Freiheit und das Vertrauen, die mir w\u00e4hrend meiner gesamten Amtszeit entgegengebracht wurden, sehr gesch\u00e4tzt\u00bb, sagt Ulrich Ryser. Er m\u00f6chte nun neue berufliche Wege einschlagen.<\/p>\n<p class=\"p1\">W\u00e4hrend seiner Amtszeit trug Ulrich Ryser dazu bei, die internen Arbeitsabl\u00e4ufe zu standardisieren und zu optimieren. Mit dem Gewinn an Effizienz und Qualit\u00e4t der bereitgestellten Produkte und Dienstleistungen konnte die Vereinigung dazu beitragen, innovative und nachhaltige L\u00f6sungen fu\u0308r die Landwirtschaft der Zukunft zu finden. In seiner Rolle als Direktor f\u00f6rderte er die interdisziplin\u00e4re Arbeit, den Aufbau starker Partnerschaften und die gemeinsame Erarbeitung von praxisorientierten L\u00f6sungen. In den letzten Jahren hat er sich fu\u0308r mehrere Aktivit\u00e4ten engagiert, die auf die administrative Vereinfachung von landwirtschaftlichen Betrieben und die Bereitstellung digitaler L\u00f6sungen abzielten, um das berufliche Wirken von Personen aus der Beratung und Landwirtschaft zu erleichtern.<\/p>\n<p class=\"p1\">\u00abDer Vorstand und ich haben die Zusammenarbeit mit Ulrich Ryser sehr gesch\u00e4tzt. Wir danken ihm fu\u0308r sein grosses Engagement bei der Schaffung einer starken AGRIDEA, die als Schlu\u0308sselpartnerin im Landwirtschaftlichen Innovations- und Wissenssystem (LIWIS) anerkannt ist. Auf diesem soliden Fundament aufbauend, werden wir eine neue Person suchen, die diese Funktion u\u0308bernimmt\u00bb, bekr\u00e4ftigt Esther Gassler, Pr\u00e4sidentin der AGRIDEA.<\/p>\n<p class=\"p1\">Mit Leidenschaft und Pragmatismus ist die AGRIDEA entschlossen, ihre Mission als neutrale landwirtschaftliche Beratungszentrale fortzusetzen. \u00abDen Wissenstransfer zwischen Forschung, Beratung und landwirtschaftlicher Praxis sicherzustellen und Organisationen zu verbinden wie auch Weiterbildungen, Publikationen, Software und Projekte anzubieten, die auf die Bedu\u0308rfnisse der Schweizer Land- und Ern\u00e4hrungswirtschaft zugeschnitten sind, liegt in der DNA der AGRIDEA-Mitarbeitenden\u00bb, so Esther Gassler.<\/p>\n<p class=\"p1\">Die Stelle des Direktors\/der Direktorin wird so bald wie m\u00f6glich ausgeschrieben. Sollte die Position nach August 2023 noch vakant sein, wird Philippe Michiels, stellvertretender Direktor, die Leitung ad interim u\u0308bernehmen.<\/p>\n\t\t\t\t\t\t\t\t<\/div>\n\t\t\t\t<\/div>\n\t\t\t\t<div class=\"elementor-element elementor-element-3b8f3b5 elementor-widget elementor-widget-text-editor\" data-id=\"3b8f3b5\" data-element_type=\"widget\" data-e-type=\"widget\" data-widget_type=\"text-editor.default\">\n\t\t\t\t<div class=\"elementor-widget-container\">\n\t\t\t\t\t\t\t\t\t<p class=\"p1\"><i>Weitere Informationen Philippe Michiels, Stv. Direktor AGRIDEA, philippe.michiels@agridea.ch, <br \/>+41 21 619 44 59<\/i><\/p>\n\t\t\t\t\t\t\t\t<\/div>\n\t\t\t\t<\/div>\n\t\t\t\t<div class=\"elementor-element elementor-element-7cae8f7 elementor-widget elementor-widget-text-editor\" data-id=\"7cae8f7\" data-element_type=\"widget\" data-e-type=\"widget\" data-widget_type=\"text-editor.default\">\n\t\t\t\t<div class=\"elementor-widget-container\">\n\t\t\t\t\t\t\t\t\t<p><a href=\"https:\/\/www.agridea.ch\/fileadmin\/AGRIDEA\/Presse_et_communication\/Communiques\/Medienmitteilung_AGRIDEA_Ulrich_Ryser_tritt_als_Direktor_der_AGRIDEA_zurueck.pdf\" target=\"_blank\" rel=\"noopener\">Zur Medienmitteilung<\/a><\/p>\n\t\t\t\t\t\t\t\t<\/div>\n\t\t\t\t<\/div>\n\t\t\t\t<div class=\"elementor-element elementor-element-7973b53 elementor-align-center animated-slow elementor-widget elementor-widget-button\" data-id=\"7973b53\" data-element_type=\"widget\" data-e-type=\"widget\" data-settings=\"{&quot;_animation&quot;:&quot;none&quot;,&quot;_animation_delay&quot;:200}\" data-widget_type=\"button.default\">\n\t\t\t\t<div class=\"elementor-widget-container\">\n\t\t\t\t\t\t\t\t\t<div class=\"elementor-button-wrapper\">\n\t\t\t\t\t<a class=\"elementor-button elementor-button-link elementor-size-sm\" href=\"https:\/\/svial.ch\/unser-netzwerk\/#netzwerknews\">\n\t\t\t\t\t\t<span class=\"elementor-button-content-wrapper\">\n\t\t\t\t\t\t<span class=\"elementor-button-icon\">\n\t\t\t\t\t\t\t<\/span>\n\t\t\t\t\t\t\t\t\t<span class=\"elementor-button-text\">Notre r\u00e9seau - Actualit\u00e9s de notre r\u00e9seau<\/span>\n\t\t\t\t\t<\/span>\n\t\t\t\t\t<\/a>\n\t\t\t\t<\/div>\n\t\t\t\t\t\t\t\t<\/div>\n\t\t\t\t<\/div>\n\t\t\t\t\t<\/div>\n\t\t<\/div>\n\t\t\t\t\t<\/div>\n\t\t<\/section>\n\t\t\t\t<\/div>\n\t\t","protected":false},"excerpt":{"rendered":"<p>Ulrich Ryser tritt nach rund 13 Jahren als Direktor der AGRIDEA zur\u00fcck! Er wird seine Aufgaben noch bis Ende August 2013 wahrnehmen. <\/p>\n","protected":false},"author":1,"featured_media":8901,"comment_status":"closed","ping_status":"open","sticky":false,"template":"elementor_header_footer","format":"gallery","meta":{"ocean_post_layout":"full-screen","ocean_both_sidebars_style":"","ocean_both_sidebars_content_width":0,"ocean_both_sidebars_sidebars_width":0,"ocean_sidebar":"0","ocean_second_sidebar":"0","ocean_disable_margins":"enable","ocean_add_body_class":"","ocean_shortcode_before_top_bar":"","ocean_shortcode_after_top_bar":"","ocean_shortcode_before_header":"","ocean_shortcode_after_header":"","ocean_has_shortcode":"","ocean_shortcode_after_title":"","ocean_shortcode_before_footer_widgets":"","ocean_shortcode_after_footer_widgets":"","ocean_shortcode_before_footer_bottom":"","ocean_shortcode_after_footer_bottom":"","ocean_display_top_bar":"off","ocean_display_header":"default","ocean_header_style":"","ocean_center_header_left_menu":"0","ocean_custom_header_template":"0","ocean_custom_logo":0,"ocean_custom_retina_logo":0,"ocean_custom_logo_max_width":0,"ocean_custom_logo_tablet_max_width":0,"ocean_custom_logo_mobile_max_width":0,"ocean_custom_logo_max_height":0,"ocean_custom_logo_tablet_max_height":0,"ocean_custom_logo_mobile_max_height":0,"ocean_header_custom_menu":"0","ocean_menu_typo_font_family":"0","ocean_menu_typo_font_subset":"","ocean_menu_typo_font_size":0,"ocean_menu_typo_font_size_tablet":0,"ocean_menu_typo_font_size_mobile":0,"ocean_menu_typo_font_size_unit":"px","ocean_menu_typo_font_weight":"","ocean_menu_typo_font_weight_tablet":"","ocean_menu_typo_font_weight_mobile":"","ocean_menu_typo_transform":"","ocean_menu_typo_transform_tablet":"","ocean_menu_typo_transform_mobile":"","ocean_menu_typo_line_height":0,"ocean_menu_typo_line_height_tablet":0,"ocean_menu_typo_line_height_mobile":0,"ocean_menu_typo_line_height_unit":"","ocean_menu_typo_spacing":0,"ocean_menu_typo_spacing_tablet":0,"ocean_menu_typo_spacing_mobile":0,"ocean_menu_typo_spacing_unit":"","ocean_menu_link_color":"","ocean_menu_link_color_hover":"","ocean_menu_link_color_active":"","ocean_menu_link_background":"","ocean_menu_link_hover_background":"","ocean_menu_link_active_background":"","ocean_menu_social_links_bg":"","ocean_menu_social_hover_links_bg":"","ocean_menu_social_links_color":"","ocean_menu_social_hover_links_color":"","ocean_disable_title":"on","ocean_disable_heading":"default","ocean_post_title":"","ocean_post_subheading":"","ocean_post_title_style":"","ocean_post_title_background_color":"","ocean_post_title_background":0,"ocean_post_title_bg_image_position":"","ocean_post_title_bg_image_attachment":"","ocean_post_title_bg_image_repeat":"","ocean_post_title_bg_image_size":"","ocean_post_title_height":0,"ocean_post_title_bg_overlay":0.5,"ocean_post_title_bg_overlay_color":"","ocean_disable_breadcrumbs":"default","ocean_breadcrumbs_color":"","ocean_breadcrumbs_separator_color":"","ocean_breadcrumbs_links_color":"","ocean_breadcrumbs_links_hover_color":"","ocean_display_footer_widgets":"off","ocean_display_footer_bottom":"off","ocean_custom_footer_template":"0","iawp_total_views":0,"ocean_post_oembed":"","ocean_post_self_hosted_media":"","ocean_post_video_embed":"","ocean_link_format":"","ocean_link_format_target":"self","ocean_quote_format":"","ocean_quote_format_link":"post","ocean_gallery_link_images":"on","ocean_gallery_id":[],"footnotes":""},"categories":[40],"tags":[],"class_list":["post-9220","post","type-post","status-publish","format-gallery","has-post-thumbnail","hentry","category-actualites-de-notre-reseau","post_format-post-format-gallery","entry","has-media"],"_links":{"self":[{"href":"https:\/\/www.svial.ch\/fr\/wp-json\/wp\/v2\/posts\/9220","targetHints":{"allow":["GET"]}}],"collection":[{"href":"https:\/\/www.svial.ch\/fr\/wp-json\/wp\/v2\/posts"}],"about":[{"href":"https:\/\/www.svial.ch\/fr\/wp-json\/wp\/v2\/types\/post"}],"author":[{"embeddable":true,"href":"https:\/\/www.svial.ch\/fr\/wp-json\/wp\/v2\/users\/1"}],"replies":[{"embeddable":true,"href":"https:\/\/www.svial.ch\/fr\/wp-json\/wp\/v2\/comments?post=9220"}],"version-history":[{"count":1,"href":"https:\/\/www.svial.ch\/fr\/wp-json\/wp\/v2\/posts\/9220\/revisions"}],"predecessor-version":[{"id":9221,"href":"https:\/\/www.svial.ch\/fr\/wp-json\/wp\/v2\/posts\/9220\/revisions\/9221"}],"wp:featuredmedia":[{"embeddable":true,"href":"https:\/\/www.svial.ch\/fr\/wp-json\/wp\/v2\/media\/8901"}],"wp:attachment":[{"href":"https:\/\/www.svial.ch\/fr\/wp-json\/wp\/v2\/media?parent=9220"}],"wp:term":[{"taxonomy":"category","embeddable":true,"href":"https:\/\/www.svial.ch\/fr\/wp-json\/wp\/v2\/categories?post=9220"},{"taxonomy":"post_tag","embeddable":true,"href":"https:\/\/www.svial.ch\/fr\/wp-json\/wp\/v2\/tags?post=9220"}],"curies":[{"name":"wp","href":"https:\/\/api.w.org\/{rel}","templated":true}]}}